{"id":1569,"date":"2024-08-20T15:56:09","date_gmt":"2024-08-20T18:56:09","guid":{"rendered":"https:\/\/gnrambiental.com.br\/noticias\/?p=1569"},"modified":"2024-10-24T15:59:06","modified_gmt":"2024-10-24T18:59:06","slug":"a-importancia-da-nbr-16-2802015-na-seguranca-das-reformas","status":"publish","type":"post","link":"https:\/\/gnrambiental.com.br\/noticias\/a-importancia-da-nbr-16-2802015-na-seguranca-das-reformas\/","title":{"rendered":"A Import\u00e2ncia da NBR 16.280:2015 na Seguran\u00e7a das Reformas"},"content":{"rendered":"<p><span data-contrast=\"auto\">A NBR 16.280:2015, conhecida como a Norma de Reformas da ABNT, \u00e9 um marco importante na regulamenta\u00e7\u00e3o das obras de reformas em edifica\u00e7\u00f5es. Esta norma estabelece diretrizes claras e objetivas para garantir a seguran\u00e7a e a integridade das constru\u00e7\u00f5es durante e ap\u00f3s a realiza\u00e7\u00e3o de reformas. A aplica\u00e7\u00e3o rigorosa da NBR 16.280:2015 \u00e9 essencial para prevenir problemas estruturais e garantir que as reformas sejam realizadas de forma segura e eficiente.<\/span><span data-ccp-props=\"{}\">\u00a0<\/span><span data-ccp-props=\"{}\">\u00a0<\/span><\/p>\n<p><span data-contrast=\"auto\">A NBR 16.280:2015 especifica os procedimentos que devem ser seguidos antes, durante e ap\u00f3s uma reforma em qualquer edifica\u00e7\u00e3o. Ela exige que qualquer obra que possa comprometer a seguran\u00e7a da estrutura ou de seu entorno seja submetida a uma an\u00e1lise t\u00e9cnica. Essa an\u00e1lise deve ser realizada pela construtora, incorporadora e projetista respons\u00e1veis, dentro do prazo decadencial. Ap\u00f3s esse prazo, a norma requer um laudo t\u00e9cnico assinado por um engenheiro ou arquiteto e urbanista, bem como a autoriza\u00e7\u00e3o expressa do propriet\u00e1rio do im\u00f3vel.<\/span><span data-ccp-props=\"{}\">\u00a0<\/span><span data-ccp-props=\"{}\">\u00a0<\/span><\/p>\n<p><span data-contrast=\"auto\">Um dos principais impactos da NBR 16.280:2015 \u00e9 a exclus\u00e3o do chamado &#8220;faz-tudo&#8221; ou &#8220;curioso&#8221; das obras de reforma. A norma estabelece que apenas profissionais qualificados e devidamente registrados podem realizar e aprovar reformas, garantindo assim que as obras sigam padr\u00f5es t\u00e9cnicos adequados. Esse foco na boa t\u00e9cnica \u00e9 crucial para evitar problemas que possam comprometer a seguran\u00e7a dos ocupantes e a durabilidade da edifica\u00e7\u00e3o.<\/span><span data-ccp-props=\"{}\">\u00a0<\/span><span data-ccp-props=\"{}\">\u00a0<\/span><\/p>\n<p><span data-contrast=\"auto\">A NBR 16.280:2015 tamb\u00e9m define os requisitos para a documenta\u00e7\u00e3o e o registro das reformas, promovendo a transpar\u00eancia e a rastreabilidade dos processos. Isso inclui a necessidade de um plano de reforma detalhado, que deve ser submetido para aprova\u00e7\u00e3o antes do in\u00edcio das obras. Durante a reforma, a conformidade com as especifica\u00e7\u00f5es t\u00e9cnicas estabelecidas pela NBR 16.280:2015 \u00e9 monitorada, e, ap\u00f3s a conclus\u00e3o, \u00e9 necess\u00e1ria uma inspe\u00e7\u00e3o final para garantir que todas as normas foram cumpridas.<\/span><span data-ccp-props=\"{}\">\u00a0<\/span><span data-ccp-props=\"{}\">\u00a0<\/span><\/p>\n<p><span data-contrast=\"auto\">Em resumo, a NBR 16.280:2015 desempenha um papel fundamental na garantia da seguran\u00e7a das reformas em edifica\u00e7\u00f5es. Sua aplica\u00e7\u00e3o rigorosa protege tanto os propriet\u00e1rios quanto os ocupantes, assegurando que as reformas sejam realizadas por profissionais capacitados e de acordo com os padr\u00f5es t\u00e9cnicos adequados. Portanto, o cumprimento da NBR 16.280:2015 \u00e9 indispens\u00e1vel para qualquer reforma que vise a seguran\u00e7a, a durabilidade e a qualidade das constru\u00e7\u00f5es.<\/span><span data-ccp-props=\"{}\">\u00a0<\/span><\/p>\n","protected":false},"excerpt":{"rendered":"<p>A NBR 16.280:2015, conhecida como a Norma de Reformas da ABNT, \u00e9 um marco importante na regulamenta\u00e7\u00e3o das obras de reformas em edifica\u00e7\u00f5es. Esta norma estabelece diretrizes claras e objetivas para garantir a seguran\u00e7a e a integridade das constru\u00e7\u00f5es durante e ap\u00f3s a realiza\u00e7\u00e3o de reformas. A aplica\u00e7\u00e3o rigorosa da NBR 16.280:2015 \u00e9 essencial para [&hellip;]<\/p>\n","protected":false},"author":1,"featured_media":1570,"comment_status":"open","ping_status":"open","sticky":false,"template":"","format":"standard","meta":{"_et_pb_use_builder":"","_et_pb_old_content":"","_et_gb_content_width":"","_joinchat":[],"footnotes":""},"categories":[104],"tags":[],"class_list":["post-1569","post","type-post","status-publish","format-standard","has-post-thumbnail","hentry","category-noticias"],"yoast_head":"<!-- This site is optimized with the Yoast SEO plugin v24.6 - https:\/\/yoast.com\/wordpress\/plugins\/seo\/ -->\n<title>A Import\u00e2ncia da NBR 16.280:2015 na Seguran\u00e7a das Reformas - GNR Ambiental<\/title>\n<meta name=\"robots\" content=\"index, follow, max-snippet:-1, max-image-preview:large, max-video-preview:-1\" \/>\n<link rel=\"canonical\" href=\"https:\/\/gnrambiental.com.br\/noticias\/a-importancia-da-nbr-16-2802015-na-seguranca-das-reformas\/\" \/>\n<meta property=\"og:locale\" content=\"pt_BR\" \/>\n<meta property=\"og:type\" content=\"article\" \/>\n<meta property=\"og:title\" content=\"A Import\u00e2ncia da NBR 16.280:2015 na Seguran\u00e7a das Reformas - GNR Ambiental\" \/>\n<meta property=\"og:description\" content=\"A NBR 16.280:2015, conhecida como a Norma de Reformas da ABNT, \u00e9 um marco importante na regulamenta\u00e7\u00e3o das obras de reformas em edifica\u00e7\u00f5es. Esta norma estabelece diretrizes claras e objetivas para garantir a seguran\u00e7a e a integridade das constru\u00e7\u00f5es durante e ap\u00f3s a realiza\u00e7\u00e3o de reformas. A aplica\u00e7\u00e3o rigorosa da NBR 16.280:2015 \u00e9 essencial para [&hellip;]\" \/>\n<meta property=\"og:url\" content=\"https:\/\/gnrambiental.com.br\/noticias\/a-importancia-da-nbr-16-2802015-na-seguranca-das-reformas\/\" \/>\n<meta property=\"og:site_name\" content=\"GNR Ambiental\" \/>\n<meta property=\"article:published_time\" content=\"2024-08-20T18:56:09+00:00\" \/>\n<meta property=\"article:modified_time\" content=\"2024-10-24T18:59:06+00:00\" \/>\n<meta property=\"og:image\" content=\"https:\/\/gnrambiental.com.br\/noticias\/wp-content\/uploads\/2024\/10\/3ebd2425a1e9f249afc3c55465529ab8.png\" \/>\n\t<meta property=\"og:image:width\" content=\"800\" \/>\n\t<meta property=\"og:image:height\" content=\"444\" \/>\n\t<meta property=\"og:image:type\" content=\"image\/png\" \/>\n<meta name=\"author\" content=\"blog_gnr\" \/>\n<meta name=\"twitter:card\" content=\"summary_large_image\" \/>\n<meta name=\"twitter:label1\" content=\"Escrito por\" \/>\n\t<meta name=\"twitter:data1\" content=\"blog_gnr\" \/>\n\t<meta name=\"twitter:label2\" content=\"Est. tempo de leitura\" \/>\n\t<meta name=\"twitter:data2\" content=\"2 minutos\" \/>\n<script type=\"application\/ld+json\" class=\"yoast-schema-graph\">{\"@context\":\"https:\/\/schema.org\",\"@graph\":[{\"@type\":\"WebPage\",\"@id\":\"https:\/\/gnrambiental.com.br\/noticias\/a-importancia-da-nbr-16-2802015-na-seguranca-das-reformas\/\",\"url\":\"https:\/\/gnrambiental.com.br\/noticias\/a-importancia-da-nbr-16-2802015-na-seguranca-das-reformas\/\",\"name\":\"A Import\u00e2ncia da NBR 16.280:2015 na Seguran\u00e7a das Reformas - GNR Ambiental\",\"isPartOf\":{\"@id\":\"https:\/\/gnrambiental.com.br\/noticias\/#website\"},\"primaryImageOfPage\":{\"@id\":\"https:\/\/gnrambiental.com.br\/noticias\/a-importancia-da-nbr-16-2802015-na-seguranca-das-reformas\/#primaryimage\"},\"image\":{\"@id\":\"https:\/\/gnrambiental.com.br\/noticias\/a-importancia-da-nbr-16-2802015-na-seguranca-das-reformas\/#primaryimage\"},\"thumbnailUrl\":\"https:\/\/gnrambiental.com.br\/noticias\/wp-content\/uploads\/2024\/10\/3ebd2425a1e9f249afc3c55465529ab8.png\",\"datePublished\":\"2024-08-20T18:56:09+00:00\",\"dateModified\":\"2024-10-24T18:59:06+00:00\",\"author\":{\"@id\":\"https:\/\/gnrambiental.com.br\/noticias\/#\/schema\/person\/665c9a349aa30972fa8d07edc2ee38af\"},\"breadcrumb\":{\"@id\":\"https:\/\/gnrambiental.com.br\/noticias\/a-importancia-da-nbr-16-2802015-na-seguranca-das-reformas\/#breadcrumb\"},\"inLanguage\":\"pt-BR\",\"potentialAction\":[{\"@type\":\"ReadAction\",\"target\":[\"https:\/\/gnrambiental.com.br\/noticias\/a-importancia-da-nbr-16-2802015-na-seguranca-das-reformas\/\"]}]},{\"@type\":\"ImageObject\",\"inLanguage\":\"pt-BR\",\"@id\":\"https:\/\/gnrambiental.com.br\/noticias\/a-importancia-da-nbr-16-2802015-na-seguranca-das-reformas\/#primaryimage\",\"url\":\"https:\/\/gnrambiental.com.br\/noticias\/wp-content\/uploads\/2024\/10\/3ebd2425a1e9f249afc3c55465529ab8.png\",\"contentUrl\":\"https:\/\/gnrambiental.com.br\/noticias\/wp-content\/uploads\/2024\/10\/3ebd2425a1e9f249afc3c55465529ab8.png\",\"width\":800,\"height\":444},{\"@type\":\"BreadcrumbList\",\"@id\":\"https:\/\/gnrambiental.com.br\/noticias\/a-importancia-da-nbr-16-2802015-na-seguranca-das-reformas\/#breadcrumb\",\"itemListElement\":[{\"@type\":\"ListItem\",\"position\":1,\"name\":\"In\u00edcio\",\"item\":\"https:\/\/gnrambiental.com.br\/noticias\/\"},{\"@type\":\"ListItem\",\"position\":2,\"name\":\"A Import\u00e2ncia da NBR 16.280:2015 na Seguran\u00e7a das Reformas\"}]},{\"@type\":\"WebSite\",\"@id\":\"https:\/\/gnrambiental.com.br\/noticias\/#website\",\"url\":\"https:\/\/gnrambiental.com.br\/noticias\/\",\"name\":\"GNR Ambiental\",\"description\":\"\",\"potentialAction\":[{\"@type\":\"SearchAction\",\"target\":{\"@type\":\"EntryPoint\",\"urlTemplate\":\"https:\/\/gnrambiental.com.br\/noticias\/?s={search_term_string}\"},\"query-input\":{\"@type\":\"PropertyValueSpecification\",\"valueRequired\":true,\"valueName\":\"search_term_string\"}}],\"inLanguage\":\"pt-BR\"},{\"@type\":\"Person\",\"@id\":\"https:\/\/gnrambiental.com.br\/noticias\/#\/schema\/person\/665c9a349aa30972fa8d07edc2ee38af\",\"name\":\"blog_gnr\",\"image\":{\"@type\":\"ImageObject\",\"inLanguage\":\"pt-BR\",\"@id\":\"https:\/\/gnrambiental.com.br\/noticias\/#\/schema\/person\/image\/\",\"url\":\"https:\/\/secure.gravatar.com\/avatar\/e4c10858129539ef55035c1f4f80f9c3?s=96&d=mm&r=g\",\"contentUrl\":\"https:\/\/secure.gravatar.com\/avatar\/e4c10858129539ef55035c1f4f80f9c3?s=96&d=mm&r=g\",\"caption\":\"blog_gnr\"}}]}<\/script>\n<!-- \/ Yoast SEO plugin. -->","yoast_head_json":{"title":"A Import\u00e2ncia da NBR 16.280:2015 na Seguran\u00e7a das Reformas - GNR Ambiental","robots":{"index":"index","follow":"follow","max-snippet":"max-snippet:-1","max-image-preview":"max-image-preview:large","max-video-preview":"max-video-preview:-1"},"canonical":"https:\/\/gnrambiental.com.br\/noticias\/a-importancia-da-nbr-16-2802015-na-seguranca-das-reformas\/","og_locale":"pt_BR","og_type":"article","og_title":"A Import\u00e2ncia da NBR 16.280:2015 na Seguran\u00e7a das Reformas - GNR Ambiental","og_description":"A NBR 16.280:2015, conhecida como a Norma de Reformas da ABNT, \u00e9 um marco importante na regulamenta\u00e7\u00e3o das obras de reformas em edifica\u00e7\u00f5es. Esta norma estabelece diretrizes claras e objetivas para garantir a seguran\u00e7a e a integridade das constru\u00e7\u00f5es durante e ap\u00f3s a realiza\u00e7\u00e3o de reformas. A aplica\u00e7\u00e3o rigorosa da NBR 16.280:2015 \u00e9 essencial para [&hellip;]","og_url":"https:\/\/gnrambiental.com.br\/noticias\/a-importancia-da-nbr-16-2802015-na-seguranca-das-reformas\/","og_site_name":"GNR Ambiental","article_published_time":"2024-08-20T18:56:09+00:00","article_modified_time":"2024-10-24T18:59:06+00:00","og_image":[{"width":800,"height":444,"url":"https:\/\/gnrambiental.com.br\/noticias\/wp-content\/uploads\/2024\/10\/3ebd2425a1e9f249afc3c55465529ab8.png","type":"image\/png"}],"author":"blog_gnr","twitter_card":"summary_large_image","twitter_misc":{"Escrito por":"blog_gnr","Est. tempo de leitura":"2 minutos"},"schema":{"@context":"https:\/\/schema.org","@graph":[{"@type":"WebPage","@id":"https:\/\/gnrambiental.com.br\/noticias\/a-importancia-da-nbr-16-2802015-na-seguranca-das-reformas\/","url":"https:\/\/gnrambiental.com.br\/noticias\/a-importancia-da-nbr-16-2802015-na-seguranca-das-reformas\/","name":"A Import\u00e2ncia da NBR 16.280:2015 na Seguran\u00e7a das Reformas - GNR Ambiental","isPartOf":{"@id":"https:\/\/gnrambiental.com.br\/noticias\/#website"},"primaryImageOfPage":{"@id":"https:\/\/gnrambiental.com.br\/noticias\/a-importancia-da-nbr-16-2802015-na-seguranca-das-reformas\/#primaryimage"},"image":{"@id":"https:\/\/gnrambiental.com.br\/noticias\/a-importancia-da-nbr-16-2802015-na-seguranca-das-reformas\/#primaryimage"},"thumbnailUrl":"https:\/\/gnrambiental.com.br\/noticias\/wp-content\/uploads\/2024\/10\/3ebd2425a1e9f249afc3c55465529ab8.png","datePublished":"2024-08-20T18:56:09+00:00","dateModified":"2024-10-24T18:59:06+00:00","author":{"@id":"https:\/\/gnrambiental.com.br\/noticias\/#\/schema\/person\/665c9a349aa30972fa8d07edc2ee38af"},"breadcrumb":{"@id":"https:\/\/gnrambiental.com.br\/noticias\/a-importancia-da-nbr-16-2802015-na-seguranca-das-reformas\/#breadcrumb"},"inLanguage":"pt-BR","potentialAction":[{"@type":"ReadAction","target":["https:\/\/gnrambiental.com.br\/noticias\/a-importancia-da-nbr-16-2802015-na-seguranca-das-reformas\/"]}]},{"@type":"ImageObject","inLanguage":"pt-BR","@id":"https:\/\/gnrambiental.com.br\/noticias\/a-importancia-da-nbr-16-2802015-na-seguranca-das-reformas\/#primaryimage","url":"https:\/\/gnrambiental.com.br\/noticias\/wp-content\/uploads\/2024\/10\/3ebd2425a1e9f249afc3c55465529ab8.png","contentUrl":"https:\/\/gnrambiental.com.br\/noticias\/wp-content\/uploads\/2024\/10\/3ebd2425a1e9f249afc3c55465529ab8.png","width":800,"height":444},{"@type":"BreadcrumbList","@id":"https:\/\/gnrambiental.com.br\/noticias\/a-importancia-da-nbr-16-2802015-na-seguranca-das-reformas\/#breadcrumb","itemListElement":[{"@type":"ListItem","position":1,"name":"In\u00edcio","item":"https:\/\/gnrambiental.com.br\/noticias\/"},{"@type":"ListItem","position":2,"name":"A Import\u00e2ncia da NBR 16.280:2015 na Seguran\u00e7a das Reformas"}]},{"@type":"WebSite","@id":"https:\/\/gnrambiental.com.br\/noticias\/#website","url":"https:\/\/gnrambiental.com.br\/noticias\/","name":"GNR Ambiental","description":"","potentialAction":[{"@type":"SearchAction","target":{"@type":"EntryPoint","urlTemplate":"https:\/\/gnrambiental.com.br\/noticias\/?s={search_term_string}"},"query-input":{"@type":"PropertyValueSpecification","valueRequired":true,"valueName":"search_term_string"}}],"inLanguage":"pt-BR"},{"@type":"Person","@id":"https:\/\/gnrambiental.com.br\/noticias\/#\/schema\/person\/665c9a349aa30972fa8d07edc2ee38af","name":"blog_gnr","image":{"@type":"ImageObject","inLanguage":"pt-BR","@id":"https:\/\/gnrambiental.com.br\/noticias\/#\/schema\/person\/image\/","url":"https:\/\/secure.gravatar.com\/avatar\/e4c10858129539ef55035c1f4f80f9c3?s=96&d=mm&r=g","contentUrl":"https:\/\/secure.gravatar.com\/avatar\/e4c10858129539ef55035c1f4f80f9c3?s=96&d=mm&r=g","caption":"blog_gnr"}}]}},"_links":{"self":[{"href":"https:\/\/gnrambiental.com.br\/noticias\/wp-json\/wp\/v2\/posts\/1569"}],"collection":[{"href":"https:\/\/gnrambiental.com.br\/noticias\/wp-json\/wp\/v2\/posts"}],"about":[{"href":"https:\/\/gnrambiental.com.br\/noticias\/wp-json\/wp\/v2\/types\/post"}],"author":[{"embeddable":true,"href":"https:\/\/gnrambiental.com.br\/noticias\/wp-json\/wp\/v2\/users\/1"}],"replies":[{"embeddable":true,"href":"https:\/\/gnrambiental.com.br\/noticias\/wp-json\/wp\/v2\/comments?post=1569"}],"version-history":[{"count":1,"href":"https:\/\/gnrambiental.com.br\/noticias\/wp-json\/wp\/v2\/posts\/1569\/revisions"}],"predecessor-version":[{"id":1571,"href":"https:\/\/gnrambiental.com.br\/noticias\/wp-json\/wp\/v2\/posts\/1569\/revisions\/1571"}],"wp:featuredmedia":[{"embeddable":true,"href":"https:\/\/gnrambiental.com.br\/noticias\/wp-json\/wp\/v2\/media\/1570"}],"wp:attachment":[{"href":"https:\/\/gnrambiental.com.br\/noticias\/wp-json\/wp\/v2\/media?parent=1569"}],"wp:term":[{"taxonomy":"category","embeddable":true,"href":"https:\/\/gnrambiental.com.br\/noticias\/wp-json\/wp\/v2\/categories?post=1569"},{"taxonomy":"post_tag","embeddable":true,"href":"https:\/\/gnrambiental.com.br\/noticias\/wp-json\/wp\/v2\/tags?post=1569"}],"curies":[{"name":"wp","href":"https:\/\/api.w.org\/{rel}","templated":true}]}}