{"id":1572,"date":"2024-08-22T15:59:34","date_gmt":"2024-08-22T18:59:34","guid":{"rendered":"https:\/\/gnrambiental.com.br\/noticias\/?p=1572"},"modified":"2024-10-24T16:03:02","modified_gmt":"2024-10-24T19:03:02","slug":"a-importancia-do-laudo-tecnico-de-estabilidade-e-seguranca-do-imovel","status":"publish","type":"post","link":"https:\/\/gnrambiental.com.br\/noticias\/a-importancia-do-laudo-tecnico-de-estabilidade-e-seguranca-do-imovel\/","title":{"rendered":"A Import\u00e2ncia do Laudo T\u00e9cnico de Estabilidade e Seguran\u00e7a do Im\u00f3vel"},"content":{"rendered":"<p><span data-contrast=\"auto\">O laudo t\u00e9cnico de estabilidade e seguran\u00e7a do im\u00f3vel \u00e9 um documento essencial para garantir a integridade estrutural e a seguran\u00e7a das edifica\u00e7\u00f5es. Este laudo, elaborado por engenheiros civis qualificados, avalia minuciosamente as condi\u00e7\u00f5es de um im\u00f3vel, identificando poss\u00edveis riscos que possam comprometer sua estabilidade e seguran\u00e7a. Em um cen\u00e1rio onde a seguran\u00e7a das constru\u00e7\u00f5es \u00e9 prioridade, o laudo t\u00e9cnico de estabilidade e seguran\u00e7a do im\u00f3vel se torna uma ferramenta indispens\u00e1vel para propriet\u00e1rios, inquilinos e gestores imobili\u00e1rios.<\/span><span data-ccp-props=\"{}\">\u00a0<\/span><span data-ccp-props=\"{}\">\u00a0<\/span><\/p>\n<p><span data-contrast=\"auto\">O processo de obten\u00e7\u00e3o do laudo t\u00e9cnico de estabilidade e seguran\u00e7a do im\u00f3vel envolve uma an\u00e1lise detalhada de diversos aspectos estruturais, como funda\u00e7\u00f5es, vigas, colunas e lajes, al\u00e9m de verificar o estado de conserva\u00e7\u00e3o de materiais e a presen\u00e7a de patologias, como fissuras, trincas ou infiltra\u00e7\u00f5es. A partir dessa an\u00e1lise, o laudo fornece um diagn\u00f3stico preciso sobre a condi\u00e7\u00e3o do im\u00f3vel, indicando a necessidade de reparos ou interven\u00e7\u00f5es para garantir sua seguran\u00e7a.<\/span><span data-ccp-props=\"{}\">\u00a0<\/span><span data-ccp-props=\"{}\">\u00a0<\/span><\/p>\n<p><span data-contrast=\"auto\">Al\u00e9m de assegurar a integridade f\u00edsica da constru\u00e7\u00e3o, o laudo t\u00e9cnico de estabilidade e seguran\u00e7a do im\u00f3vel \u00e9 frequentemente exigido por \u00f3rg\u00e3os p\u00fablicos e seguradoras. Em muitos casos, a emiss\u00e3o desse laudo \u00e9 um requisito para a aprova\u00e7\u00e3o de reformas, obten\u00e7\u00e3o de alvar\u00e1s de funcionamento ou renova\u00e7\u00e3o de seguros. Dessa forma, o laudo n\u00e3o apenas protege os ocupantes, mas tamb\u00e9m resguarda os propriet\u00e1rios de poss\u00edveis responsabilidades legais em caso de acidentes ou sinistros.<\/span><span data-ccp-props=\"{}\">\u00a0<\/span><span data-ccp-props=\"{}\">\u00a0<\/span><\/p>\n<p><span data-contrast=\"auto\">O laudo t\u00e9cnico de estabilidade e seguran\u00e7a do im\u00f3vel tamb\u00e9m desempenha um papel crucial em transa\u00e7\u00f5es imobili\u00e1rias. Ao adquirir ou alugar um im\u00f3vel, contar com esse laudo oferece uma garantia adicional de que a propriedade est\u00e1 em condi\u00e7\u00f5es seguras de uso. Isso \u00e9 especialmente importante em im\u00f3veis mais antigos, onde o desgaste natural pode comprometer a estabilidade estrutural. O laudo t\u00e9cnico proporciona uma vis\u00e3o clara e confi\u00e1vel da seguran\u00e7a do im\u00f3vel, evitando surpresas desagrad\u00e1veis no futuro.<\/span><span data-ccp-props=\"{}\">\u00a0<\/span><span data-ccp-props=\"{}\">\u00a0<\/span><\/p>\n<p><span data-contrast=\"auto\">Outro aspecto importante \u00e9 que o laudo t\u00e9cnico de estabilidade e seguran\u00e7a do im\u00f3vel \u00e9 um instrumento fundamental em casos de disputas legais envolvendo a responsabilidade por danos estruturais. Em situa\u00e7\u00f5es onde h\u00e1 diverg\u00eancias sobre a causa de problemas como rachaduras ou desabamentos, o laudo t\u00e9cnico oferece uma base s\u00f3lida para a resolu\u00e7\u00e3o do conflito, fornecendo um parecer t\u00e9cnico independente e imparcial.<\/span><span data-ccp-props=\"{}\">\u00a0<\/span><span data-ccp-props=\"{}\">\u00a0<\/span><\/p>\n<p><span data-contrast=\"auto\">Em resumo, o laudo t\u00e9cnico de estabilidade e seguran\u00e7a do im\u00f3vel \u00e9 um documento vital para garantir a seguran\u00e7a das edifica\u00e7\u00f5es e a tranquilidade de seus ocupantes. Seja para a realiza\u00e7\u00e3o de obras, aprova\u00e7\u00e3o de projetos ou transa\u00e7\u00f5es imobili\u00e1rias, o laudo t\u00e9cnico \u00e9 uma medida preventiva que assegura que o im\u00f3vel esteja em conformidade com as normas de seguran\u00e7a e apto para uso seguro.<\/span><span data-ccp-props=\"{}\">\u00a0<\/span><\/p>\n","protected":false},"excerpt":{"rendered":"<p>O laudo t\u00e9cnico de estabilidade e seguran\u00e7a do im\u00f3vel \u00e9 um documento essencial para garantir a integridade estrutural e a seguran\u00e7a das edifica\u00e7\u00f5es. Este laudo, elaborado por engenheiros civis qualificados, avalia minuciosamente as condi\u00e7\u00f5es de um im\u00f3vel, identificando poss\u00edveis riscos que possam comprometer sua estabilidade e seguran\u00e7a. Em um cen\u00e1rio onde a seguran\u00e7a das constru\u00e7\u00f5es [&hellip;]<\/p>\n","protected":false},"author":1,"featured_media":1573,"comment_status":"open","ping_status":"open","sticky":false,"template":"","format":"standard","meta":{"_et_pb_use_builder":"","_et_pb_old_content":"","_et_gb_content_width":"","_joinchat":[],"footnotes":""},"categories":[104],"tags":[],"class_list":["post-1572","post","type-post","status-publish","format-standard","has-post-thumbnail","hentry","category-noticias"],"yoast_head":"<!-- This site is optimized with the Yoast SEO plugin v24.6 - https:\/\/yoast.com\/wordpress\/plugins\/seo\/ -->\n<title>A Import\u00e2ncia do Laudo T\u00e9cnico de Estabilidade e Seguran\u00e7a do Im\u00f3vel - GNR Ambiental<\/title>\n<meta name=\"robots\" content=\"index, follow, max-snippet:-1, max-image-preview:large, max-video-preview:-1\" \/>\n<link rel=\"canonical\" href=\"https:\/\/gnrambiental.com.br\/noticias\/a-importancia-do-laudo-tecnico-de-estabilidade-e-seguranca-do-imovel\/\" \/>\n<meta property=\"og:locale\" content=\"pt_BR\" \/>\n<meta property=\"og:type\" content=\"article\" \/>\n<meta property=\"og:title\" content=\"A Import\u00e2ncia do Laudo T\u00e9cnico de Estabilidade e Seguran\u00e7a do Im\u00f3vel - GNR Ambiental\" \/>\n<meta property=\"og:description\" content=\"O laudo t\u00e9cnico de estabilidade e seguran\u00e7a do im\u00f3vel \u00e9 um documento essencial para garantir a integridade estrutural e a seguran\u00e7a das edifica\u00e7\u00f5es. Este laudo, elaborado por engenheiros civis qualificados, avalia minuciosamente as condi\u00e7\u00f5es de um im\u00f3vel, identificando poss\u00edveis riscos que possam comprometer sua estabilidade e seguran\u00e7a. Em um cen\u00e1rio onde a seguran\u00e7a das constru\u00e7\u00f5es [&hellip;]\" \/>\n<meta property=\"og:url\" content=\"https:\/\/gnrambiental.com.br\/noticias\/a-importancia-do-laudo-tecnico-de-estabilidade-e-seguranca-do-imovel\/\" \/>\n<meta property=\"og:site_name\" content=\"GNR Ambiental\" \/>\n<meta property=\"article:published_time\" content=\"2024-08-22T18:59:34+00:00\" \/>\n<meta property=\"article:modified_time\" content=\"2024-10-24T19:03:02+00:00\" \/>\n<meta property=\"og:image\" content=\"https:\/\/gnrambiental.com.br\/noticias\/wp-content\/uploads\/2024\/10\/photo_1_2024-03-25_11-06-50-e1711401902778.jpg\" \/>\n\t<meta property=\"og:image:width\" content=\"739\" \/>\n\t<meta property=\"og:image:height\" content=\"341\" \/>\n\t<meta property=\"og:image:type\" content=\"image\/jpeg\" \/>\n<meta name=\"author\" content=\"blog_gnr\" \/>\n<meta name=\"twitter:card\" content=\"summary_large_image\" \/>\n<meta name=\"twitter:label1\" content=\"Escrito por\" \/>\n\t<meta name=\"twitter:data1\" content=\"blog_gnr\" \/>\n\t<meta name=\"twitter:label2\" content=\"Est. tempo de leitura\" \/>\n\t<meta name=\"twitter:data2\" content=\"3 minutos\" \/>\n<script type=\"application\/ld+json\" class=\"yoast-schema-graph\">{\"@context\":\"https:\/\/schema.org\",\"@graph\":[{\"@type\":\"WebPage\",\"@id\":\"https:\/\/gnrambiental.com.br\/noticias\/a-importancia-do-laudo-tecnico-de-estabilidade-e-seguranca-do-imovel\/\",\"url\":\"https:\/\/gnrambiental.com.br\/noticias\/a-importancia-do-laudo-tecnico-de-estabilidade-e-seguranca-do-imovel\/\",\"name\":\"A Import\u00e2ncia do Laudo T\u00e9cnico de Estabilidade e Seguran\u00e7a do Im\u00f3vel - GNR Ambiental\",\"isPartOf\":{\"@id\":\"https:\/\/gnrambiental.com.br\/noticias\/#website\"},\"primaryImageOfPage\":{\"@id\":\"https:\/\/gnrambiental.com.br\/noticias\/a-importancia-do-laudo-tecnico-de-estabilidade-e-seguranca-do-imovel\/#primaryimage\"},\"image\":{\"@id\":\"https:\/\/gnrambiental.com.br\/noticias\/a-importancia-do-laudo-tecnico-de-estabilidade-e-seguranca-do-imovel\/#primaryimage\"},\"thumbnailUrl\":\"https:\/\/gnrambiental.com.br\/noticias\/wp-content\/uploads\/2024\/10\/photo_1_2024-03-25_11-06-50-e1711401902778.jpg\",\"datePublished\":\"2024-08-22T18:59:34+00:00\",\"dateModified\":\"2024-10-24T19:03:02+00:00\",\"author\":{\"@id\":\"https:\/\/gnrambiental.com.br\/noticias\/#\/schema\/person\/665c9a349aa30972fa8d07edc2ee38af\"},\"breadcrumb\":{\"@id\":\"https:\/\/gnrambiental.com.br\/noticias\/a-importancia-do-laudo-tecnico-de-estabilidade-e-seguranca-do-imovel\/#breadcrumb\"},\"inLanguage\":\"pt-BR\",\"potentialAction\":[{\"@type\":\"ReadAction\",\"target\":[\"https:\/\/gnrambiental.com.br\/noticias\/a-importancia-do-laudo-tecnico-de-estabilidade-e-seguranca-do-imovel\/\"]}]},{\"@type\":\"ImageObject\",\"inLanguage\":\"pt-BR\",\"@id\":\"https:\/\/gnrambiental.com.br\/noticias\/a-importancia-do-laudo-tecnico-de-estabilidade-e-seguranca-do-imovel\/#primaryimage\",\"url\":\"https:\/\/gnrambiental.com.br\/noticias\/wp-content\/uploads\/2024\/10\/photo_1_2024-03-25_11-06-50-e1711401902778.jpg\",\"contentUrl\":\"https:\/\/gnrambiental.com.br\/noticias\/wp-content\/uploads\/2024\/10\/photo_1_2024-03-25_11-06-50-e1711401902778.jpg\",\"width\":739,\"height\":341},{\"@type\":\"BreadcrumbList\",\"@id\":\"https:\/\/gnrambiental.com.br\/noticias\/a-importancia-do-laudo-tecnico-de-estabilidade-e-seguranca-do-imovel\/#breadcrumb\",\"itemListElement\":[{\"@type\":\"ListItem\",\"position\":1,\"name\":\"In\u00edcio\",\"item\":\"https:\/\/gnrambiental.com.br\/noticias\/\"},{\"@type\":\"ListItem\",\"position\":2,\"name\":\"A Import\u00e2ncia do Laudo T\u00e9cnico de Estabilidade e Seguran\u00e7a do Im\u00f3vel\"}]},{\"@type\":\"WebSite\",\"@id\":\"https:\/\/gnrambiental.com.br\/noticias\/#website\",\"url\":\"https:\/\/gnrambiental.com.br\/noticias\/\",\"name\":\"GNR Ambiental\",\"description\":\"\",\"potentialAction\":[{\"@type\":\"SearchAction\",\"target\":{\"@type\":\"EntryPoint\",\"urlTemplate\":\"https:\/\/gnrambiental.com.br\/noticias\/?s={search_term_string}\"},\"query-input\":{\"@type\":\"PropertyValueSpecification\",\"valueRequired\":true,\"valueName\":\"search_term_string\"}}],\"inLanguage\":\"pt-BR\"},{\"@type\":\"Person\",\"@id\":\"https:\/\/gnrambiental.com.br\/noticias\/#\/schema\/person\/665c9a349aa30972fa8d07edc2ee38af\",\"name\":\"blog_gnr\",\"image\":{\"@type\":\"ImageObject\",\"inLanguage\":\"pt-BR\",\"@id\":\"https:\/\/gnrambiental.com.br\/noticias\/#\/schema\/person\/image\/\",\"url\":\"https:\/\/secure.gravatar.com\/avatar\/e4c10858129539ef55035c1f4f80f9c3?s=96&d=mm&r=g\",\"contentUrl\":\"https:\/\/secure.gravatar.com\/avatar\/e4c10858129539ef55035c1f4f80f9c3?s=96&d=mm&r=g\",\"caption\":\"blog_gnr\"}}]}<\/script>\n<!-- \/ Yoast SEO plugin. -->","yoast_head_json":{"title":"A Import\u00e2ncia do Laudo T\u00e9cnico de Estabilidade e Seguran\u00e7a do Im\u00f3vel - GNR Ambiental","robots":{"index":"index","follow":"follow","max-snippet":"max-snippet:-1","max-image-preview":"max-image-preview:large","max-video-preview":"max-video-preview:-1"},"canonical":"https:\/\/gnrambiental.com.br\/noticias\/a-importancia-do-laudo-tecnico-de-estabilidade-e-seguranca-do-imovel\/","og_locale":"pt_BR","og_type":"article","og_title":"A Import\u00e2ncia do Laudo T\u00e9cnico de Estabilidade e Seguran\u00e7a do Im\u00f3vel - GNR Ambiental","og_description":"O laudo t\u00e9cnico de estabilidade e seguran\u00e7a do im\u00f3vel \u00e9 um documento essencial para garantir a integridade estrutural e a seguran\u00e7a das edifica\u00e7\u00f5es. Este laudo, elaborado por engenheiros civis qualificados, avalia minuciosamente as condi\u00e7\u00f5es de um im\u00f3vel, identificando poss\u00edveis riscos que possam comprometer sua estabilidade e seguran\u00e7a. Em um cen\u00e1rio onde a seguran\u00e7a das constru\u00e7\u00f5es [&hellip;]","og_url":"https:\/\/gnrambiental.com.br\/noticias\/a-importancia-do-laudo-tecnico-de-estabilidade-e-seguranca-do-imovel\/","og_site_name":"GNR Ambiental","article_published_time":"2024-08-22T18:59:34+00:00","article_modified_time":"2024-10-24T19:03:02+00:00","og_image":[{"width":739,"height":341,"url":"https:\/\/gnrambiental.com.br\/noticias\/wp-content\/uploads\/2024\/10\/photo_1_2024-03-25_11-06-50-e1711401902778.jpg","type":"image\/jpeg"}],"author":"blog_gnr","twitter_card":"summary_large_image","twitter_misc":{"Escrito por":"blog_gnr","Est. tempo de leitura":"3 minutos"},"schema":{"@context":"https:\/\/schema.org","@graph":[{"@type":"WebPage","@id":"https:\/\/gnrambiental.com.br\/noticias\/a-importancia-do-laudo-tecnico-de-estabilidade-e-seguranca-do-imovel\/","url":"https:\/\/gnrambiental.com.br\/noticias\/a-importancia-do-laudo-tecnico-de-estabilidade-e-seguranca-do-imovel\/","name":"A Import\u00e2ncia do Laudo T\u00e9cnico de Estabilidade e Seguran\u00e7a do Im\u00f3vel - GNR Ambiental","isPartOf":{"@id":"https:\/\/gnrambiental.com.br\/noticias\/#website"},"primaryImageOfPage":{"@id":"https:\/\/gnrambiental.com.br\/noticias\/a-importancia-do-laudo-tecnico-de-estabilidade-e-seguranca-do-imovel\/#primaryimage"},"image":{"@id":"https:\/\/gnrambiental.com.br\/noticias\/a-importancia-do-laudo-tecnico-de-estabilidade-e-seguranca-do-imovel\/#primaryimage"},"thumbnailUrl":"https:\/\/gnrambiental.com.br\/noticias\/wp-content\/uploads\/2024\/10\/photo_1_2024-03-25_11-06-50-e1711401902778.jpg","datePublished":"2024-08-22T18:59:34+00:00","dateModified":"2024-10-24T19:03:02+00:00","author":{"@id":"https:\/\/gnrambiental.com.br\/noticias\/#\/schema\/person\/665c9a349aa30972fa8d07edc2ee38af"},"breadcrumb":{"@id":"https:\/\/gnrambiental.com.br\/noticias\/a-importancia-do-laudo-tecnico-de-estabilidade-e-seguranca-do-imovel\/#breadcrumb"},"inLanguage":"pt-BR","potentialAction":[{"@type":"ReadAction","target":["https:\/\/gnrambiental.com.br\/noticias\/a-importancia-do-laudo-tecnico-de-estabilidade-e-seguranca-do-imovel\/"]}]},{"@type":"ImageObject","inLanguage":"pt-BR","@id":"https:\/\/gnrambiental.com.br\/noticias\/a-importancia-do-laudo-tecnico-de-estabilidade-e-seguranca-do-imovel\/#primaryimage","url":"https:\/\/gnrambiental.com.br\/noticias\/wp-content\/uploads\/2024\/10\/photo_1_2024-03-25_11-06-50-e1711401902778.jpg","contentUrl":"https:\/\/gnrambiental.com.br\/noticias\/wp-content\/uploads\/2024\/10\/photo_1_2024-03-25_11-06-50-e1711401902778.jpg","width":739,"height":341},{"@type":"BreadcrumbList","@id":"https:\/\/gnrambiental.com.br\/noticias\/a-importancia-do-laudo-tecnico-de-estabilidade-e-seguranca-do-imovel\/#breadcrumb","itemListElement":[{"@type":"ListItem","position":1,"name":"In\u00edcio","item":"https:\/\/gnrambiental.com.br\/noticias\/"},{"@type":"ListItem","position":2,"name":"A Import\u00e2ncia do Laudo T\u00e9cnico de Estabilidade e Seguran\u00e7a do Im\u00f3vel"}]},{"@type":"WebSite","@id":"https:\/\/gnrambiental.com.br\/noticias\/#website","url":"https:\/\/gnrambiental.com.br\/noticias\/","name":"GNR Ambiental","description":"","potentialAction":[{"@type":"SearchAction","target":{"@type":"EntryPoint","urlTemplate":"https:\/\/gnrambiental.com.br\/noticias\/?s={search_term_string}"},"query-input":{"@type":"PropertyValueSpecification","valueRequired":true,"valueName":"search_term_string"}}],"inLanguage":"pt-BR"},{"@type":"Person","@id":"https:\/\/gnrambiental.com.br\/noticias\/#\/schema\/person\/665c9a349aa30972fa8d07edc2ee38af","name":"blog_gnr","image":{"@type":"ImageObject","inLanguage":"pt-BR","@id":"https:\/\/gnrambiental.com.br\/noticias\/#\/schema\/person\/image\/","url":"https:\/\/secure.gravatar.com\/avatar\/e4c10858129539ef55035c1f4f80f9c3?s=96&d=mm&r=g","contentUrl":"https:\/\/secure.gravatar.com\/avatar\/e4c10858129539ef55035c1f4f80f9c3?s=96&d=mm&r=g","caption":"blog_gnr"}}]}},"_links":{"self":[{"href":"https:\/\/gnrambiental.com.br\/noticias\/wp-json\/wp\/v2\/posts\/1572"}],"collection":[{"href":"https:\/\/gnrambiental.com.br\/noticias\/wp-json\/wp\/v2\/posts"}],"about":[{"href":"https:\/\/gnrambiental.com.br\/noticias\/wp-json\/wp\/v2\/types\/post"}],"author":[{"embeddable":true,"href":"https:\/\/gnrambiental.com.br\/noticias\/wp-json\/wp\/v2\/users\/1"}],"replies":[{"embeddable":true,"href":"https:\/\/gnrambiental.com.br\/noticias\/wp-json\/wp\/v2\/comments?post=1572"}],"version-history":[{"count":1,"href":"https:\/\/gnrambiental.com.br\/noticias\/wp-json\/wp\/v2\/posts\/1572\/revisions"}],"predecessor-version":[{"id":1574,"href":"https:\/\/gnrambiental.com.br\/noticias\/wp-json\/wp\/v2\/posts\/1572\/revisions\/1574"}],"wp:featuredmedia":[{"embeddable":true,"href":"https:\/\/gnrambiental.com.br\/noticias\/wp-json\/wp\/v2\/media\/1573"}],"wp:attachment":[{"href":"https:\/\/gnrambiental.com.br\/noticias\/wp-json\/wp\/v2\/media?parent=1572"}],"wp:term":[{"taxonomy":"category","embeddable":true,"href":"https:\/\/gnrambiental.com.br\/noticias\/wp-json\/wp\/v2\/categories?post=1572"},{"taxonomy":"post_tag","embeddable":true,"href":"https:\/\/gnrambiental.com.br\/noticias\/wp-json\/wp\/v2\/tags?post=1572"}],"curies":[{"name":"wp","href":"https:\/\/api.w.org\/{rel}","templated":true}]}}