{"id":1581,"date":"2024-08-28T16:11:26","date_gmt":"2024-08-28T19:11:26","guid":{"rendered":"https:\/\/gnrambiental.com.br\/noticias\/?p=1581"},"modified":"2024-10-24T16:13:30","modified_gmt":"2024-10-24T19:13:30","slug":"a-importancia-do-laudo-de-acessibilidade-para-a-inclusao-e-conformidade-legal","status":"publish","type":"post","link":"https:\/\/gnrambiental.com.br\/noticias\/a-importancia-do-laudo-de-acessibilidade-para-a-inclusao-e-conformidade-legal\/","title":{"rendered":"A Import\u00e2ncia do Laudo de Acessibilidade para a Inclus\u00e3o e Conformidade Legal"},"content":{"rendered":"<p><span data-contrast=\"auto\">O laudo de acessibilidade \u00e9 um documento essencial para garantir que edifica\u00e7\u00f5es, sejam elas p\u00fablicas ou privadas, estejam adequadas para receber pessoas com defici\u00eancia ou mobilidade reduzida. Esse laudo \u00e9 fundamental para assegurar que os espa\u00e7os atendam \u00e0s normas t\u00e9cnicas de acessibilidade, promovendo a inclus\u00e3o e o respeito aos direitos de todos os cidad\u00e3os.<\/span><span data-ccp-props=\"{}\">\u00a0<\/span><span data-ccp-props=\"{}\">\u00a0<\/span><\/p>\n<p><span data-contrast=\"auto\">Elaborado por profissionais especializados, o laudo de acessibilidade avalia se as edifica\u00e7\u00f5es possuem os requisitos necess\u00e1rios para garantir o acesso seguro e confort\u00e1vel a todas as pessoas, independentemente de suas limita\u00e7\u00f5es f\u00edsicas. Esse documento abrange uma an\u00e1lise detalhada de v\u00e1rios aspectos, como rampas, corrim\u00e3os, sinaliza\u00e7\u00e3o, vagas de estacionamento, banheiros adaptados, entre outros elementos indispens\u00e1veis para a mobilidade. A emiss\u00e3o do laudo de acessibilidade \u00e9 um passo importante para garantir que esses itens estejam em conformidade com as normas estabelecidas pela ABNT (Associa\u00e7\u00e3o Brasileira de Normas T\u00e9cnicas) e pela legisla\u00e7\u00e3o vigente.<\/span><span data-ccp-props=\"{}\">\u00a0<\/span><span data-ccp-props=\"{}\">\u00a0<\/span><\/p>\n<p><span data-contrast=\"auto\">O laudo de acessibilidade n\u00e3o apenas assegura o cumprimento das leis, mas tamb\u00e9m contribui para a valoriza\u00e7\u00e3o do im\u00f3vel. Edifica\u00e7\u00f5es acess\u00edveis s\u00e3o mais atrativas tanto para os usu\u00e1rios quanto para o mercado, uma vez que demonstram um compromisso com a inclus\u00e3o e a responsabilidade social. Al\u00e9m disso, o laudo evita poss\u00edveis san\u00e7\u00f5es legais e multas que podem ser aplicadas em caso de descumprimento das exig\u00eancias de acessibilidade.<\/span><span data-ccp-props=\"{}\">\u00a0<\/span><span data-ccp-props=\"{}\">\u00a0<\/span><\/p>\n<p><span data-contrast=\"auto\">Em projetos de reforma ou constru\u00e7\u00e3o, o laudo de acessibilidade \u00e9 indispens\u00e1vel para garantir que as adapta\u00e7\u00f5es necess\u00e1rias sejam realizadas corretamente. Isso inclui a an\u00e1lise do projeto arquitet\u00f4nico, a inspe\u00e7\u00e3o das obras e a verifica\u00e7\u00e3o final para emiss\u00e3o do laudo. Esse processo garante que todas as exig\u00eancias legais sejam atendidas e que a edifica\u00e7\u00e3o esteja apta a receber qualquer pessoa com conforto e seguran\u00e7a.<\/span><span data-ccp-props=\"{}\">\u00a0<\/span><span data-ccp-props=\"{}\">\u00a0<\/span><\/p>\n<p><span data-contrast=\"auto\">Por fim, o laudo de acessibilidade \u00e9 um instrumento crucial na promo\u00e7\u00e3o da igualdade de oportunidades. Ao garantir que todos possam acessar e utilizar os espa\u00e7os de maneira independente e segura, o laudo refor\u00e7a o compromisso social com a inclus\u00e3o e a cidadania. Em um mundo cada vez mais consciente da import\u00e2ncia da acessibilidade, possuir um laudo de acessibilidade v\u00e1lido \u00e9 um indicativo de respeito e responsabilidade com o pr\u00f3ximo.<\/span><span data-ccp-props=\"{}\">\u00a0<\/span><span data-ccp-props=\"{}\">\u00a0<\/span><\/p>\n<p><span data-contrast=\"auto\">Em resumo, o laudo de acessibilidade \u00e9 um elemento indispens\u00e1vel para a conformidade legal, a valoriza\u00e7\u00e3o imobili\u00e1ria e a promo\u00e7\u00e3o da inclus\u00e3o social. Ele assegura que as edifica\u00e7\u00f5es estejam preparadas para atender a todas as pessoas, independentemente de suas limita\u00e7\u00f5es, e cumpre um papel fundamental na constru\u00e7\u00e3o de uma sociedade mais justa e acess\u00edvel para todos.<\/span><span data-ccp-props=\"{}\">\u00a0<\/span><\/p>\n","protected":false},"excerpt":{"rendered":"<p>O laudo de acessibilidade \u00e9 um documento essencial para garantir que edifica\u00e7\u00f5es, sejam elas p\u00fablicas ou privadas, estejam adequadas para receber pessoas com defici\u00eancia ou mobilidade reduzida. Esse laudo \u00e9 fundamental para assegurar que os espa\u00e7os atendam \u00e0s normas t\u00e9cnicas de acessibilidade, promovendo a inclus\u00e3o e o respeito aos direitos de todos os cidad\u00e3os.\u00a0\u00a0 Elaborado [&hellip;]<\/p>\n","protected":false},"author":1,"featured_media":1582,"comment_status":"open","ping_status":"open","sticky":false,"template":"","format":"standard","meta":{"_et_pb_use_builder":"","_et_pb_old_content":"","_et_gb_content_width":"","_joinchat":[],"footnotes":""},"categories":[104],"tags":[],"class_list":["post-1581","post","type-post","status-publish","format-standard","has-post-thumbnail","hentry","category-noticias"],"yoast_head":"<!-- This site is optimized with the Yoast SEO plugin v24.6 - https:\/\/yoast.com\/wordpress\/plugins\/seo\/ -->\n<title>A Import\u00e2ncia do Laudo de Acessibilidade para a Inclus\u00e3o e Conformidade Legal - GNR Ambiental<\/title>\n<meta name=\"robots\" content=\"index, follow, max-snippet:-1, max-image-preview:large, max-video-preview:-1\" \/>\n<link rel=\"canonical\" href=\"https:\/\/gnrambiental.com.br\/noticias\/a-importancia-do-laudo-de-acessibilidade-para-a-inclusao-e-conformidade-legal\/\" \/>\n<meta property=\"og:locale\" content=\"pt_BR\" \/>\n<meta property=\"og:type\" content=\"article\" \/>\n<meta property=\"og:title\" content=\"A Import\u00e2ncia do Laudo de Acessibilidade para a Inclus\u00e3o e Conformidade Legal - GNR Ambiental\" \/>\n<meta property=\"og:description\" content=\"O laudo de acessibilidade \u00e9 um documento essencial para garantir que edifica\u00e7\u00f5es, sejam elas p\u00fablicas ou privadas, estejam adequadas para receber pessoas com defici\u00eancia ou mobilidade reduzida. Esse laudo \u00e9 fundamental para assegurar que os espa\u00e7os atendam \u00e0s normas t\u00e9cnicas de acessibilidade, promovendo a inclus\u00e3o e o respeito aos direitos de todos os cidad\u00e3os.\u00a0\u00a0 Elaborado [&hellip;]\" \/>\n<meta property=\"og:url\" content=\"https:\/\/gnrambiental.com.br\/noticias\/a-importancia-do-laudo-de-acessibilidade-para-a-inclusao-e-conformidade-legal\/\" \/>\n<meta property=\"og:site_name\" content=\"GNR Ambiental\" \/>\n<meta property=\"article:published_time\" content=\"2024-08-28T19:11:26+00:00\" \/>\n<meta property=\"article:modified_time\" content=\"2024-10-24T19:13:30+00:00\" \/>\n<meta property=\"og:image\" content=\"https:\/\/gnrambiental.com.br\/noticias\/wp-content\/uploads\/2024\/10\/arquiteta-vistoria-03.jpg\" \/>\n\t<meta property=\"og:image:width\" content=\"612\" \/>\n\t<meta property=\"og:image:height\" content=\"408\" \/>\n\t<meta property=\"og:image:type\" content=\"image\/jpeg\" \/>\n<meta name=\"author\" content=\"blog_gnr\" \/>\n<meta name=\"twitter:card\" content=\"summary_large_image\" \/>\n<meta name=\"twitter:label1\" content=\"Escrito por\" \/>\n\t<meta name=\"twitter:data1\" content=\"blog_gnr\" \/>\n\t<meta name=\"twitter:label2\" content=\"Est. tempo de leitura\" \/>\n\t<meta name=\"twitter:data2\" content=\"2 minutos\" \/>\n<script type=\"application\/ld+json\" class=\"yoast-schema-graph\">{\"@context\":\"https:\/\/schema.org\",\"@graph\":[{\"@type\":\"WebPage\",\"@id\":\"https:\/\/gnrambiental.com.br\/noticias\/a-importancia-do-laudo-de-acessibilidade-para-a-inclusao-e-conformidade-legal\/\",\"url\":\"https:\/\/gnrambiental.com.br\/noticias\/a-importancia-do-laudo-de-acessibilidade-para-a-inclusao-e-conformidade-legal\/\",\"name\":\"A Import\u00e2ncia do Laudo de Acessibilidade para a Inclus\u00e3o e Conformidade Legal - GNR Ambiental\",\"isPartOf\":{\"@id\":\"https:\/\/gnrambiental.com.br\/noticias\/#website\"},\"primaryImageOfPage\":{\"@id\":\"https:\/\/gnrambiental.com.br\/noticias\/a-importancia-do-laudo-de-acessibilidade-para-a-inclusao-e-conformidade-legal\/#primaryimage\"},\"image\":{\"@id\":\"https:\/\/gnrambiental.com.br\/noticias\/a-importancia-do-laudo-de-acessibilidade-para-a-inclusao-e-conformidade-legal\/#primaryimage\"},\"thumbnailUrl\":\"https:\/\/gnrambiental.com.br\/noticias\/wp-content\/uploads\/2024\/10\/arquiteta-vistoria-03.jpg\",\"datePublished\":\"2024-08-28T19:11:26+00:00\",\"dateModified\":\"2024-10-24T19:13:30+00:00\",\"author\":{\"@id\":\"https:\/\/gnrambiental.com.br\/noticias\/#\/schema\/person\/665c9a349aa30972fa8d07edc2ee38af\"},\"breadcrumb\":{\"@id\":\"https:\/\/gnrambiental.com.br\/noticias\/a-importancia-do-laudo-de-acessibilidade-para-a-inclusao-e-conformidade-legal\/#breadcrumb\"},\"inLanguage\":\"pt-BR\",\"potentialAction\":[{\"@type\":\"ReadAction\",\"target\":[\"https:\/\/gnrambiental.com.br\/noticias\/a-importancia-do-laudo-de-acessibilidade-para-a-inclusao-e-conformidade-legal\/\"]}]},{\"@type\":\"ImageObject\",\"inLanguage\":\"pt-BR\",\"@id\":\"https:\/\/gnrambiental.com.br\/noticias\/a-importancia-do-laudo-de-acessibilidade-para-a-inclusao-e-conformidade-legal\/#primaryimage\",\"url\":\"https:\/\/gnrambiental.com.br\/noticias\/wp-content\/uploads\/2024\/10\/arquiteta-vistoria-03.jpg\",\"contentUrl\":\"https:\/\/gnrambiental.com.br\/noticias\/wp-content\/uploads\/2024\/10\/arquiteta-vistoria-03.jpg\",\"width\":612,\"height\":408,\"caption\":\"Female architect writing on clipboard at construction site\"},{\"@type\":\"BreadcrumbList\",\"@id\":\"https:\/\/gnrambiental.com.br\/noticias\/a-importancia-do-laudo-de-acessibilidade-para-a-inclusao-e-conformidade-legal\/#breadcrumb\",\"itemListElement\":[{\"@type\":\"ListItem\",\"position\":1,\"name\":\"In\u00edcio\",\"item\":\"https:\/\/gnrambiental.com.br\/noticias\/\"},{\"@type\":\"ListItem\",\"position\":2,\"name\":\"A Import\u00e2ncia do Laudo de Acessibilidade para a Inclus\u00e3o e Conformidade Legal\"}]},{\"@type\":\"WebSite\",\"@id\":\"https:\/\/gnrambiental.com.br\/noticias\/#website\",\"url\":\"https:\/\/gnrambiental.com.br\/noticias\/\",\"name\":\"GNR Ambiental\",\"description\":\"\",\"potentialAction\":[{\"@type\":\"SearchAction\",\"target\":{\"@type\":\"EntryPoint\",\"urlTemplate\":\"https:\/\/gnrambiental.com.br\/noticias\/?s={search_term_string}\"},\"query-input\":{\"@type\":\"PropertyValueSpecification\",\"valueRequired\":true,\"valueName\":\"search_term_string\"}}],\"inLanguage\":\"pt-BR\"},{\"@type\":\"Person\",\"@id\":\"https:\/\/gnrambiental.com.br\/noticias\/#\/schema\/person\/665c9a349aa30972fa8d07edc2ee38af\",\"name\":\"blog_gnr\",\"image\":{\"@type\":\"ImageObject\",\"inLanguage\":\"pt-BR\",\"@id\":\"https:\/\/gnrambiental.com.br\/noticias\/#\/schema\/person\/image\/\",\"url\":\"https:\/\/secure.gravatar.com\/avatar\/e4c10858129539ef55035c1f4f80f9c3?s=96&d=mm&r=g\",\"contentUrl\":\"https:\/\/secure.gravatar.com\/avatar\/e4c10858129539ef55035c1f4f80f9c3?s=96&d=mm&r=g\",\"caption\":\"blog_gnr\"}}]}<\/script>\n<!-- \/ Yoast SEO plugin. -->","yoast_head_json":{"title":"A Import\u00e2ncia do Laudo de Acessibilidade para a Inclus\u00e3o e Conformidade Legal - GNR Ambiental","robots":{"index":"index","follow":"follow","max-snippet":"max-snippet:-1","max-image-preview":"max-image-preview:large","max-video-preview":"max-video-preview:-1"},"canonical":"https:\/\/gnrambiental.com.br\/noticias\/a-importancia-do-laudo-de-acessibilidade-para-a-inclusao-e-conformidade-legal\/","og_locale":"pt_BR","og_type":"article","og_title":"A Import\u00e2ncia do Laudo de Acessibilidade para a Inclus\u00e3o e Conformidade Legal - GNR Ambiental","og_description":"O laudo de acessibilidade \u00e9 um documento essencial para garantir que edifica\u00e7\u00f5es, sejam elas p\u00fablicas ou privadas, estejam adequadas para receber pessoas com defici\u00eancia ou mobilidade reduzida. Esse laudo \u00e9 fundamental para assegurar que os espa\u00e7os atendam \u00e0s normas t\u00e9cnicas de acessibilidade, promovendo a inclus\u00e3o e o respeito aos direitos de todos os cidad\u00e3os.\u00a0\u00a0 Elaborado [&hellip;]","og_url":"https:\/\/gnrambiental.com.br\/noticias\/a-importancia-do-laudo-de-acessibilidade-para-a-inclusao-e-conformidade-legal\/","og_site_name":"GNR Ambiental","article_published_time":"2024-08-28T19:11:26+00:00","article_modified_time":"2024-10-24T19:13:30+00:00","og_image":[{"width":612,"height":408,"url":"https:\/\/gnrambiental.com.br\/noticias\/wp-content\/uploads\/2024\/10\/arquiteta-vistoria-03.jpg","type":"image\/jpeg"}],"author":"blog_gnr","twitter_card":"summary_large_image","twitter_misc":{"Escrito por":"blog_gnr","Est. tempo de leitura":"2 minutos"},"schema":{"@context":"https:\/\/schema.org","@graph":[{"@type":"WebPage","@id":"https:\/\/gnrambiental.com.br\/noticias\/a-importancia-do-laudo-de-acessibilidade-para-a-inclusao-e-conformidade-legal\/","url":"https:\/\/gnrambiental.com.br\/noticias\/a-importancia-do-laudo-de-acessibilidade-para-a-inclusao-e-conformidade-legal\/","name":"A Import\u00e2ncia do Laudo de Acessibilidade para a Inclus\u00e3o e Conformidade Legal - GNR Ambiental","isPartOf":{"@id":"https:\/\/gnrambiental.com.br\/noticias\/#website"},"primaryImageOfPage":{"@id":"https:\/\/gnrambiental.com.br\/noticias\/a-importancia-do-laudo-de-acessibilidade-para-a-inclusao-e-conformidade-legal\/#primaryimage"},"image":{"@id":"https:\/\/gnrambiental.com.br\/noticias\/a-importancia-do-laudo-de-acessibilidade-para-a-inclusao-e-conformidade-legal\/#primaryimage"},"thumbnailUrl":"https:\/\/gnrambiental.com.br\/noticias\/wp-content\/uploads\/2024\/10\/arquiteta-vistoria-03.jpg","datePublished":"2024-08-28T19:11:26+00:00","dateModified":"2024-10-24T19:13:30+00:00","author":{"@id":"https:\/\/gnrambiental.com.br\/noticias\/#\/schema\/person\/665c9a349aa30972fa8d07edc2ee38af"},"breadcrumb":{"@id":"https:\/\/gnrambiental.com.br\/noticias\/a-importancia-do-laudo-de-acessibilidade-para-a-inclusao-e-conformidade-legal\/#breadcrumb"},"inLanguage":"pt-BR","potentialAction":[{"@type":"ReadAction","target":["https:\/\/gnrambiental.com.br\/noticias\/a-importancia-do-laudo-de-acessibilidade-para-a-inclusao-e-conformidade-legal\/"]}]},{"@type":"ImageObject","inLanguage":"pt-BR","@id":"https:\/\/gnrambiental.com.br\/noticias\/a-importancia-do-laudo-de-acessibilidade-para-a-inclusao-e-conformidade-legal\/#primaryimage","url":"https:\/\/gnrambiental.com.br\/noticias\/wp-content\/uploads\/2024\/10\/arquiteta-vistoria-03.jpg","contentUrl":"https:\/\/gnrambiental.com.br\/noticias\/wp-content\/uploads\/2024\/10\/arquiteta-vistoria-03.jpg","width":612,"height":408,"caption":"Female architect writing on clipboard at construction site"},{"@type":"BreadcrumbList","@id":"https:\/\/gnrambiental.com.br\/noticias\/a-importancia-do-laudo-de-acessibilidade-para-a-inclusao-e-conformidade-legal\/#breadcrumb","itemListElement":[{"@type":"ListItem","position":1,"name":"In\u00edcio","item":"https:\/\/gnrambiental.com.br\/noticias\/"},{"@type":"ListItem","position":2,"name":"A Import\u00e2ncia do Laudo de Acessibilidade para a Inclus\u00e3o e Conformidade Legal"}]},{"@type":"WebSite","@id":"https:\/\/gnrambiental.com.br\/noticias\/#website","url":"https:\/\/gnrambiental.com.br\/noticias\/","name":"GNR Ambiental","description":"","potentialAction":[{"@type":"SearchAction","target":{"@type":"EntryPoint","urlTemplate":"https:\/\/gnrambiental.com.br\/noticias\/?s={search_term_string}"},"query-input":{"@type":"PropertyValueSpecification","valueRequired":true,"valueName":"search_term_string"}}],"inLanguage":"pt-BR"},{"@type":"Person","@id":"https:\/\/gnrambiental.com.br\/noticias\/#\/schema\/person\/665c9a349aa30972fa8d07edc2ee38af","name":"blog_gnr","image":{"@type":"ImageObject","inLanguage":"pt-BR","@id":"https:\/\/gnrambiental.com.br\/noticias\/#\/schema\/person\/image\/","url":"https:\/\/secure.gravatar.com\/avatar\/e4c10858129539ef55035c1f4f80f9c3?s=96&d=mm&r=g","contentUrl":"https:\/\/secure.gravatar.com\/avatar\/e4c10858129539ef55035c1f4f80f9c3?s=96&d=mm&r=g","caption":"blog_gnr"}}]}},"_links":{"self":[{"href":"https:\/\/gnrambiental.com.br\/noticias\/wp-json\/wp\/v2\/posts\/1581"}],"collection":[{"href":"https:\/\/gnrambiental.com.br\/noticias\/wp-json\/wp\/v2\/posts"}],"about":[{"href":"https:\/\/gnrambiental.com.br\/noticias\/wp-json\/wp\/v2\/types\/post"}],"author":[{"embeddable":true,"href":"https:\/\/gnrambiental.com.br\/noticias\/wp-json\/wp\/v2\/users\/1"}],"replies":[{"embeddable":true,"href":"https:\/\/gnrambiental.com.br\/noticias\/wp-json\/wp\/v2\/comments?post=1581"}],"version-history":[{"count":1,"href":"https:\/\/gnrambiental.com.br\/noticias\/wp-json\/wp\/v2\/posts\/1581\/revisions"}],"predecessor-version":[{"id":1583,"href":"https:\/\/gnrambiental.com.br\/noticias\/wp-json\/wp\/v2\/posts\/1581\/revisions\/1583"}],"wp:featuredmedia":[{"embeddable":true,"href":"https:\/\/gnrambiental.com.br\/noticias\/wp-json\/wp\/v2\/media\/1582"}],"wp:attachment":[{"href":"https:\/\/gnrambiental.com.br\/noticias\/wp-json\/wp\/v2\/media?parent=1581"}],"wp:term":[{"taxonomy":"category","embeddable":true,"href":"https:\/\/gnrambiental.com.br\/noticias\/wp-json\/wp\/v2\/categories?post=1581"},{"taxonomy":"post_tag","embeddable":true,"href":"https:\/\/gnrambiental.com.br\/noticias\/wp-json\/wp\/v2\/tags?post=1581"}],"curies":[{"name":"wp","href":"https:\/\/api.w.org\/{rel}","templated":true}]}}