{"id":1994,"date":"2025-10-29T15:14:07","date_gmt":"2025-10-29T18:14:07","guid":{"rendered":"https:\/\/gnrambiental.com.br\/noticias\/?p=1994"},"modified":"2025-10-29T15:14:07","modified_gmt":"2025-10-29T18:14:07","slug":"laudo-nr-13-compressores-e-vasos-de-pressao-em-sao-paulo","status":"publish","type":"post","link":"https:\/\/gnrambiental.com.br\/noticias\/laudo-nr-13-compressores-e-vasos-de-pressao-em-sao-paulo\/","title":{"rendered":"Laudo NR 13 \u2013 Compressores e Vasos de Press\u00e3o em S\u00e3o Paulo"},"content":{"rendered":"<h1 data-start=\"323\" data-end=\"387\"><strong data-start=\"325\" data-end=\"387\">Laudo NR 13 \u2013 Compressores e Vasos de Press\u00e3o em S\u00e3o Paulo<\/strong><\/h1>\n<p data-start=\"389\" data-end=\"880\">O <strong data-start=\"391\" data-end=\"406\">Laudo NR 13<\/strong> \u00e9 um documento t\u00e9cnico obrigat\u00f3rio que assegura que <strong data-start=\"459\" data-end=\"511\">vasos de press\u00e3o, caldeiras e compressores de ar<\/strong> estejam em <strong data-start=\"523\" data-end=\"556\">condi\u00e7\u00f5es seguras de opera\u00e7\u00e3o<\/strong>, conforme estabelece a <strong data-start=\"580\" data-end=\"647\">Norma Regulamentadora n\u00ba 13 do Minist\u00e9rio do Trabalho e Emprego<\/strong>.<br data-start=\"648\" data-end=\"651\" \/>A <strong data-start=\"653\" data-end=\"670\">GNR Ambiental<\/strong> elabora <strong data-start=\"679\" data-end=\"707\">Laudo NR 13 em S\u00e3o Paulo<\/strong> com engenheiros mec\u00e2nicos qualificados, emitindo <strong data-start=\"757\" data-end=\"775\">ART registrada<\/strong>, <strong data-start=\"777\" data-end=\"804\">relat\u00f3rios fotogr\u00e1ficos<\/strong>, e <strong data-start=\"808\" data-end=\"838\">recomenda\u00e7\u00f5es de adequa\u00e7\u00e3o<\/strong> conforme os requisitos legais e t\u00e9cnicos.<\/p>\n<hr data-start=\"882\" data-end=\"885\" \/>\n<h2 data-start=\"887\" data-end=\"915\"><strong data-start=\"890\" data-end=\"915\">O que \u00e9 o Laudo NR 13<\/strong><\/h2>\n<p data-start=\"917\" data-end=\"1284\">O <strong data-start=\"919\" data-end=\"946\">Laudo de Inspe\u00e7\u00e3o NR 13<\/strong> \u00e9 uma exig\u00eancia para todo equipamento que opere sob press\u00e3o superior \u00e0 atmosf\u00e9rica, como <strong data-start=\"1036\" data-end=\"1121\">compressores, vasos de ar comprimido, autoclaves, trocadores de calor e caldeiras<\/strong>.<br data-start=\"1122\" data-end=\"1125\" \/>Ele tem como objetivo <strong data-start=\"1147\" data-end=\"1224\">garantir a integridade f\u00edsica do equipamento e a seguran\u00e7a dos operadores<\/strong>, evitando acidentes graves, explos\u00f5es e falhas estruturais.<\/p>\n<p data-start=\"1286\" data-end=\"1430\">A periodicidade da inspe\u00e7\u00e3o \u00e9 definida conforme o <strong data-start=\"1336\" data-end=\"1373\">grupo de risco do vaso de press\u00e3o<\/strong>, variando entre <strong data-start=\"1390\" data-end=\"1407\">12 a 60 meses<\/strong>, conforme a <strong data-start=\"1420\" data-end=\"1429\">NR 13<\/strong>.<\/p>\n<hr data-start=\"1432\" data-end=\"1435\" \/>\n<h2 data-start=\"1437\" data-end=\"1485\"><strong data-start=\"1440\" data-end=\"1485\">Documentos necess\u00e1rios para o Laudo NR 13<\/strong><\/h2>\n<p data-start=\"1487\" data-end=\"1632\">Antes da inspe\u00e7\u00e3o, o cliente deve disponibilizar os documentos t\u00e9cnicos exigidos pela norma para an\u00e1lise e registro no prontu\u00e1rio do equipamento:<\/p>\n<ul data-start=\"1634\" data-end=\"2277\">\n<li data-start=\"1634\" data-end=\"1781\">\n<p data-start=\"1636\" data-end=\"1781\"><strong data-start=\"1636\" data-end=\"1665\">Prontu\u00e1rio do equipamento<\/strong> \u2013 contendo dados construtivos, press\u00e3o m\u00e1xima de trabalho, data de fabrica\u00e7\u00e3o, fabricante e inspe\u00e7\u00f5es anteriores.<\/p>\n<\/li>\n<li data-start=\"1782\" data-end=\"1887\">\n<p data-start=\"1784\" data-end=\"1887\"><strong data-start=\"1784\" data-end=\"1805\">Livro de Registro<\/strong> \u2013 hist\u00f3rico de inspe\u00e7\u00f5es, manuten\u00e7\u00f5es e interven\u00e7\u00f5es realizadas no equipamento.<\/p>\n<\/li>\n<li data-start=\"1888\" data-end=\"2013\">\n<p data-start=\"1890\" data-end=\"2013\"><strong data-start=\"1890\" data-end=\"1936\">Desenho ou esquema do sistema pressurizado<\/strong>, indicando v\u00e1lvulas, conex\u00f5es, instrumenta\u00e7\u00e3o e dispositivos de seguran\u00e7a.<\/p>\n<\/li>\n<li data-start=\"2014\" data-end=\"2148\">\n<p data-start=\"2016\" data-end=\"2148\"><strong data-start=\"2016\" data-end=\"2050\">Relat\u00f3rio de Inspe\u00e7\u00e3o Anterior<\/strong>, quando houver, para compara\u00e7\u00e3o das condi\u00e7\u00f5es de integridade e acompanhamento de recomenda\u00e7\u00f5es.<\/p>\n<\/li>\n<li data-start=\"2149\" data-end=\"2277\">\n<p data-start=\"2151\" data-end=\"2277\"><strong data-start=\"2151\" data-end=\"2222\">Certificados de Calibra\u00e7\u00e3o dos dispositivos de seguran\u00e7a e controle<\/strong>, como v\u00e1lvulas de al\u00edvio, pressostatos e man\u00f4metros.<\/p>\n<\/li>\n<\/ul>\n<p data-start=\"2279\" data-end=\"2446\">Esses documentos s\u00e3o obrigat\u00f3rios para que o engenheiro possa <strong data-start=\"2341\" data-end=\"2410\">emitir o Laudo NR 13 e o relat\u00f3rio de inspe\u00e7\u00e3o com validade legal<\/strong>, conforme o <strong data-start=\"2423\" data-end=\"2445\">item 13.5 da NR 13<\/strong>.<\/p>\n<hr data-start=\"2448\" data-end=\"2451\" \/>\n<h2 data-start=\"2453\" data-end=\"2510\"><strong data-start=\"2456\" data-end=\"2510\">Etapas do Laudo NR 13 realizado pela GNR Ambiental<\/strong><\/h2>\n<p data-start=\"2512\" data-end=\"2982\">1\ufe0f\u20e3 <strong data-start=\"2516\" data-end=\"2538\">An\u00e1lise documental<\/strong> \u2013 verifica\u00e7\u00e3o do prontu\u00e1rio, relat\u00f3rios e certificados.<br data-start=\"2594\" data-end=\"2597\" \/>2\ufe0f\u20e3 <strong data-start=\"2601\" data-end=\"2657\">Vistoria t\u00e9cnica e inspe\u00e7\u00e3o visual externa e interna<\/strong> (quando poss\u00edvel).<br data-start=\"2676\" data-end=\"2679\" \/>3\ufe0f\u20e3 <strong data-start=\"2683\" data-end=\"2767\">Ensaios e testes de estanqueidade e funcionamento dos dispositivos de seguran\u00e7a.<\/strong><br data-start=\"2767\" data-end=\"2770\" \/>4\ufe0f\u20e3 <strong data-start=\"2774\" data-end=\"2819\">Emiss\u00e3o do Laudo NR 13 com ART registrada<\/strong>, relat\u00f3rio fotogr\u00e1fico e recomenda\u00e7\u00f5es de manuten\u00e7\u00e3o preventiva ou corretiva.<br data-start=\"2897\" data-end=\"2900\" \/>5\ufe0f\u20e3 <strong data-start=\"2904\" data-end=\"2940\">Atualiza\u00e7\u00e3o do livro de registro<\/strong> e dos dados do prontu\u00e1rio do equipamento.<\/p>\n<hr data-start=\"2984\" data-end=\"2987\" \/>\n<h2 data-start=\"2989\" data-end=\"3046\"><strong data-start=\"2992\" data-end=\"3046\">GNR Ambiental \u2013 Especialista em NR 13 em S\u00e3o Paulo<\/strong><\/h2>\n<p data-start=\"3048\" data-end=\"3387\">A <strong data-start=\"3050\" data-end=\"3067\">GNR Ambiental<\/strong> realiza <strong data-start=\"3076\" data-end=\"3128\">laudos NR 13 em S\u00e3o Paulo e Regi\u00e3o Metropolitana<\/strong>, atendendo <strong data-start=\"3140\" data-end=\"3213\">ind\u00fastrias, oficinas, hospitais, condom\u00ednios e empresas de manuten\u00e7\u00e3o<\/strong>.<br data-start=\"3214\" data-end=\"3217\" \/>Todos os servi\u00e7os seguem <strong data-start=\"3242\" data-end=\"3331\">procedimentos padronizados, com rastreabilidade de calibra\u00e7\u00e3o e certifica\u00e7\u00e3o ISO 9001<\/strong>, garantindo <strong data-start=\"3344\" data-end=\"3386\">confiabilidade e seguran\u00e7a operacional<\/strong>.<\/p>\n<p data-start=\"3389\" data-end=\"3432\">Al\u00e9m do <strong data-start=\"3397\" data-end=\"3412\">Laudo NR 13<\/strong>, oferecemos tamb\u00e9m:<\/p>\n<ul data-start=\"3434\" data-end=\"3978\">\n<li data-start=\"3434\" data-end=\"3515\">\n<p data-start=\"3436\" data-end=\"3515\"><a class=\"decorated-link\" href=\"https:\/\/gnrambiental.com.br\/laudo-eletrico\" target=\"_new\" rel=\"noopener\" data-start=\"3436\" data-end=\"3513\"><strong data-start=\"3437\" data-end=\"3468\">Laudo El\u00e9trico NR 10 e SPDA<\/strong><\/a><\/p>\n<\/li>\n<li data-start=\"3516\" data-end=\"3606\">\n<p data-start=\"3518\" data-end=\"3606\"><a class=\"decorated-link\" href=\"https:\/\/gnrambiental.com.br\/laudo-de-ruido\" target=\"_new\" rel=\"noopener\" data-start=\"3518\" data-end=\"3604\"><strong data-start=\"3519\" data-end=\"3559\">Laudo de Ru\u00eddo Ambiental (NBR 10151)<\/strong><\/a><\/p>\n<\/li>\n<li data-start=\"3607\" data-end=\"3722\">\n<p data-start=\"3609\" data-end=\"3722\"><a class=\"decorated-link\" href=\"https:\/\/gnrambiental.com.br\/plano-de-gerenciamento-de-residuos\" target=\"_new\" rel=\"noopener\" data-start=\"3609\" data-end=\"3720\"><strong data-start=\"3610\" data-end=\"3655\">PGRS \u2013 Plano de Gerenciamento de Res\u00edduos<\/strong><\/a><\/p>\n<\/li>\n<li data-start=\"3723\" data-end=\"3803\">\n<p data-start=\"3725\" data-end=\"3803\"><a class=\"decorated-link\" href=\"https:\/\/gnrambiental.com.br\/EIV\" target=\"_new\" rel=\"noopener\" data-start=\"3725\" data-end=\"3801\"><strong data-start=\"3726\" data-end=\"3767\">EIV \u2013 Estudo de Impacto de Vizinhan\u00e7a<\/strong><\/a><\/p>\n<\/li>\n<li data-start=\"3804\" data-end=\"3893\">\n<p data-start=\"3806\" data-end=\"3893\"><a class=\"decorated-link\" href=\"https:\/\/gnrambiental.com.br\/avcb\" target=\"_new\" rel=\"noopener\" data-start=\"3806\" data-end=\"3891\"><strong data-start=\"3807\" data-end=\"3856\">AVCB \u2013 Auto de Vistoria do Corpo de Bombeiros<\/strong><\/a><\/p>\n<\/li>\n<li data-start=\"3894\" data-end=\"3978\">\n<p data-start=\"3896\" data-end=\"3978\"><a class=\"decorated-link\" href=\"https:\/\/gnrambiental.com.br\/laudo-de-acessibilidade\" target=\"_new\" rel=\"noopener\" data-start=\"3896\" data-end=\"3978\"><strong data-start=\"3897\" data-end=\"3924\">Laudo de Acessibilidade<\/strong><\/a><\/p>\n<\/li>\n<\/ul>\n<hr data-start=\"3980\" data-end=\"3983\" \/>\n<h2 data-start=\"3985\" data-end=\"4025\"><strong data-start=\"3988\" data-end=\"4025\">Por que contratar a GNR Ambiental<\/strong><\/h2>\n<p data-start=\"4027\" data-end=\"4465\">\u2714\ufe0f Engenheiros mec\u00e2nicos qualificados e ART emitida no CREA;<br data-start=\"4087\" data-end=\"4090\" \/>\u2714\ufe0f <strong data-start=\"4093\" data-end=\"4118\">Certifica\u00e7\u00e3o ISO 9001<\/strong> e <strong data-start=\"4121\" data-end=\"4146\">Acredita\u00e7\u00e3o ISO 17025<\/strong> para medi\u00e7\u00f5es de ru\u00eddo;<br data-start=\"4170\" data-end=\"4173\" \/>\u2714\ufe0f Procedimentos padronizados e rastreabilidade dos instrumentos de medi\u00e7\u00e3o;<br data-start=\"4249\" data-end=\"4252\" \/>\u2714\ufe0f Atendimento t\u00e9cnico em <strong data-start=\"4278\" data-end=\"4363\">S\u00e3o Paulo, S\u00e3o Bernardo do Campo, Santo Andr\u00e9, Diadema, Osasco e toda a Grande SP<\/strong>;<br data-start=\"4364\" data-end=\"4367\" \/>\u2714\ufe0f Laudo completo com <strong data-start=\"4389\" data-end=\"4464\">relat\u00f3rio t\u00e9cnico, parecer de conformidade e recomenda\u00e7\u00f5es de seguran\u00e7a<\/strong>.<\/p>\n<hr data-start=\"4467\" data-end=\"4470\" \/>\n<h2 data-start=\"4472\" data-end=\"4500\"><strong data-start=\"4475\" data-end=\"4500\">Solicite um Or\u00e7amento<\/strong><\/h2>\n<p data-start=\"4502\" data-end=\"4588\">\ud83d\udcde <strong data-start=\"4505\" data-end=\"4523\">(11) 2374-1201<\/strong><br data-start=\"4523\" data-end=\"4526\" \/>\ud83d\udcf1 <strong data-start=\"4529\" data-end=\"4548\">(11) 95277-2125<\/strong><br data-start=\"4548\" data-end=\"4551\" \/>\u2709\ufe0f <strong data-start=\"4554\" data-end=\"4588\"><a class=\"decorated-link cursor-pointer\" rel=\"noopener\" data-start=\"4556\" data-end=\"4586\">comercial2@gnrambiental.com.br<\/a><\/strong><\/p>\n<p data-start=\"4590\" data-end=\"4802\">A <strong data-start=\"4592\" data-end=\"4609\">GNR Ambiental<\/strong> \u00e9 refer\u00eancia em <strong data-start=\"4626\" data-end=\"4691\">Laudo NR 13 para compressores e vasos de press\u00e3o em S\u00e3o Paulo<\/strong>, garantindo <strong data-start=\"4704\" data-end=\"4766\">seguran\u00e7a, conformidade legal e confiabilidade operacional<\/strong> para seu equipamento e sua empresa.<\/p>\n","protected":false},"excerpt":{"rendered":"<p>Laudo NR 13 \u2013 Compressores e Vasos de Press\u00e3o em S\u00e3o Paulo O Laudo NR 13 \u00e9 um documento t\u00e9cnico obrigat\u00f3rio que assegura que vasos de press\u00e3o, caldeiras e compressores de ar estejam em condi\u00e7\u00f5es seguras de opera\u00e7\u00e3o, conforme estabelece a Norma Regulamentadora n\u00ba 13 do Minist\u00e9rio do Trabalho e Emprego.A GNR Ambiental elabora Laudo [&hellip;]<\/p>\n","protected":false},"author":1,"featured_media":0,"comment_status":"open","ping_status":"open","sticky":false,"template":"","format":"standard","meta":{"_et_pb_use_builder":"","_et_pb_old_content":"","_et_gb_content_width":"","_joinchat":[],"footnotes":""},"categories":[1],"tags":[],"class_list":["post-1994","post","type-post","status-publish","format-standard","hentry","category-sem-categoria"],"yoast_head":"<!-- This site is optimized with the Yoast SEO plugin v24.6 - https:\/\/yoast.com\/wordpress\/plugins\/seo\/ -->\n<title>Laudo NR 13 \u2013 Compressores e Vasos de Press\u00e3o em S\u00e3o Paulo - GNR Ambiental<\/title>\n<meta name=\"description\" content=\"Laudo NR 13 em S\u00e3o Paulo \u2013 Inspe\u00e7\u00e3o de compressores e vasos de press\u00e3o com ART, certificados de calibra\u00e7\u00e3o e relat\u00f3rio t\u00e9cnico. GNR Ambiental, especialista em seguran\u00e7a e conformidade.\" \/>\n<meta name=\"robots\" content=\"index, follow, max-snippet:-1, max-image-preview:large, max-video-preview:-1\" \/>\n<link rel=\"canonical\" href=\"https:\/\/gnrambiental.com.br\/noticias\/laudo-nr-13-compressores-e-vasos-de-pressao-em-sao-paulo\/\" \/>\n<meta property=\"og:locale\" content=\"pt_BR\" \/>\n<meta property=\"og:type\" content=\"article\" \/>\n<meta property=\"og:title\" content=\"Laudo NR 13 \u2013 Compressores e Vasos de Press\u00e3o em S\u00e3o Paulo - GNR Ambiental\" \/>\n<meta property=\"og:description\" content=\"Laudo NR 13 em S\u00e3o Paulo \u2013 Inspe\u00e7\u00e3o de compressores e vasos de press\u00e3o com ART, certificados de calibra\u00e7\u00e3o e relat\u00f3rio t\u00e9cnico. GNR Ambiental, especialista em seguran\u00e7a e conformidade.\" \/>\n<meta property=\"og:url\" content=\"https:\/\/gnrambiental.com.br\/noticias\/laudo-nr-13-compressores-e-vasos-de-pressao-em-sao-paulo\/\" \/>\n<meta property=\"og:site_name\" content=\"GNR Ambiental\" \/>\n<meta property=\"article:published_time\" content=\"2025-10-29T18:14:07+00:00\" \/>\n<meta name=\"author\" content=\"blog_gnr\" \/>\n<meta name=\"twitter:card\" content=\"summary_large_image\" \/>\n<meta name=\"twitter:label1\" content=\"Escrito por\" \/>\n\t<meta name=\"twitter:data1\" content=\"blog_gnr\" \/>\n\t<meta name=\"twitter:label2\" content=\"Est. tempo de leitura\" \/>\n\t<meta name=\"twitter:data2\" content=\"4 minutos\" \/>\n<script type=\"application\/ld+json\" class=\"yoast-schema-graph\">{\"@context\":\"https:\/\/schema.org\",\"@graph\":[{\"@type\":\"WebPage\",\"@id\":\"https:\/\/gnrambiental.com.br\/noticias\/laudo-nr-13-compressores-e-vasos-de-pressao-em-sao-paulo\/\",\"url\":\"https:\/\/gnrambiental.com.br\/noticias\/laudo-nr-13-compressores-e-vasos-de-pressao-em-sao-paulo\/\",\"name\":\"Laudo NR 13 \u2013 Compressores e Vasos de Press\u00e3o em S\u00e3o Paulo - GNR Ambiental\",\"isPartOf\":{\"@id\":\"https:\/\/gnrambiental.com.br\/noticias\/#website\"},\"datePublished\":\"2025-10-29T18:14:07+00:00\",\"author\":{\"@id\":\"https:\/\/gnrambiental.com.br\/noticias\/#\/schema\/person\/665c9a349aa30972fa8d07edc2ee38af\"},\"description\":\"Laudo NR 13 em S\u00e3o Paulo \u2013 Inspe\u00e7\u00e3o de compressores e vasos de press\u00e3o com ART, certificados de calibra\u00e7\u00e3o e relat\u00f3rio t\u00e9cnico. GNR Ambiental, especialista em seguran\u00e7a e conformidade.\",\"breadcrumb\":{\"@id\":\"https:\/\/gnrambiental.com.br\/noticias\/laudo-nr-13-compressores-e-vasos-de-pressao-em-sao-paulo\/#breadcrumb\"},\"inLanguage\":\"pt-BR\",\"potentialAction\":[{\"@type\":\"ReadAction\",\"target\":[\"https:\/\/gnrambiental.com.br\/noticias\/laudo-nr-13-compressores-e-vasos-de-pressao-em-sao-paulo\/\"]}]},{\"@type\":\"BreadcrumbList\",\"@id\":\"https:\/\/gnrambiental.com.br\/noticias\/laudo-nr-13-compressores-e-vasos-de-pressao-em-sao-paulo\/#breadcrumb\",\"itemListElement\":[{\"@type\":\"ListItem\",\"position\":1,\"name\":\"In\u00edcio\",\"item\":\"https:\/\/gnrambiental.com.br\/noticias\/\"},{\"@type\":\"ListItem\",\"position\":2,\"name\":\"Laudo NR 13 \u2013 Compressores e Vasos de Press\u00e3o em S\u00e3o Paulo\"}]},{\"@type\":\"WebSite\",\"@id\":\"https:\/\/gnrambiental.com.br\/noticias\/#website\",\"url\":\"https:\/\/gnrambiental.com.br\/noticias\/\",\"name\":\"GNR Ambiental\",\"description\":\"\",\"potentialAction\":[{\"@type\":\"SearchAction\",\"target\":{\"@type\":\"EntryPoint\",\"urlTemplate\":\"https:\/\/gnrambiental.com.br\/noticias\/?s={search_term_string}\"},\"query-input\":{\"@type\":\"PropertyValueSpecification\",\"valueRequired\":true,\"valueName\":\"search_term_string\"}}],\"inLanguage\":\"pt-BR\"},{\"@type\":\"Person\",\"@id\":\"https:\/\/gnrambiental.com.br\/noticias\/#\/schema\/person\/665c9a349aa30972fa8d07edc2ee38af\",\"name\":\"blog_gnr\",\"image\":{\"@type\":\"ImageObject\",\"inLanguage\":\"pt-BR\",\"@id\":\"https:\/\/gnrambiental.com.br\/noticias\/#\/schema\/person\/image\/\",\"url\":\"https:\/\/secure.gravatar.com\/avatar\/e4c10858129539ef55035c1f4f80f9c3?s=96&d=mm&r=g\",\"contentUrl\":\"https:\/\/secure.gravatar.com\/avatar\/e4c10858129539ef55035c1f4f80f9c3?s=96&d=mm&r=g\",\"caption\":\"blog_gnr\"}}]}<\/script>\n<!-- \/ Yoast SEO plugin. -->","yoast_head_json":{"title":"Laudo NR 13 \u2013 Compressores e Vasos de Press\u00e3o em S\u00e3o Paulo - GNR Ambiental","description":"Laudo NR 13 em S\u00e3o Paulo \u2013 Inspe\u00e7\u00e3o de compressores e vasos de press\u00e3o com ART, certificados de calibra\u00e7\u00e3o e relat\u00f3rio t\u00e9cnico. GNR Ambiental, especialista em seguran\u00e7a e conformidade.","robots":{"index":"index","follow":"follow","max-snippet":"max-snippet:-1","max-image-preview":"max-image-preview:large","max-video-preview":"max-video-preview:-1"},"canonical":"https:\/\/gnrambiental.com.br\/noticias\/laudo-nr-13-compressores-e-vasos-de-pressao-em-sao-paulo\/","og_locale":"pt_BR","og_type":"article","og_title":"Laudo NR 13 \u2013 Compressores e Vasos de Press\u00e3o em S\u00e3o Paulo - GNR Ambiental","og_description":"Laudo NR 13 em S\u00e3o Paulo \u2013 Inspe\u00e7\u00e3o de compressores e vasos de press\u00e3o com ART, certificados de calibra\u00e7\u00e3o e relat\u00f3rio t\u00e9cnico. GNR Ambiental, especialista em seguran\u00e7a e conformidade.","og_url":"https:\/\/gnrambiental.com.br\/noticias\/laudo-nr-13-compressores-e-vasos-de-pressao-em-sao-paulo\/","og_site_name":"GNR Ambiental","article_published_time":"2025-10-29T18:14:07+00:00","author":"blog_gnr","twitter_card":"summary_large_image","twitter_misc":{"Escrito por":"blog_gnr","Est. tempo de leitura":"4 minutos"},"schema":{"@context":"https:\/\/schema.org","@graph":[{"@type":"WebPage","@id":"https:\/\/gnrambiental.com.br\/noticias\/laudo-nr-13-compressores-e-vasos-de-pressao-em-sao-paulo\/","url":"https:\/\/gnrambiental.com.br\/noticias\/laudo-nr-13-compressores-e-vasos-de-pressao-em-sao-paulo\/","name":"Laudo NR 13 \u2013 Compressores e Vasos de Press\u00e3o em S\u00e3o Paulo - GNR Ambiental","isPartOf":{"@id":"https:\/\/gnrambiental.com.br\/noticias\/#website"},"datePublished":"2025-10-29T18:14:07+00:00","author":{"@id":"https:\/\/gnrambiental.com.br\/noticias\/#\/schema\/person\/665c9a349aa30972fa8d07edc2ee38af"},"description":"Laudo NR 13 em S\u00e3o Paulo \u2013 Inspe\u00e7\u00e3o de compressores e vasos de press\u00e3o com ART, certificados de calibra\u00e7\u00e3o e relat\u00f3rio t\u00e9cnico. GNR Ambiental, especialista em seguran\u00e7a e conformidade.","breadcrumb":{"@id":"https:\/\/gnrambiental.com.br\/noticias\/laudo-nr-13-compressores-e-vasos-de-pressao-em-sao-paulo\/#breadcrumb"},"inLanguage":"pt-BR","potentialAction":[{"@type":"ReadAction","target":["https:\/\/gnrambiental.com.br\/noticias\/laudo-nr-13-compressores-e-vasos-de-pressao-em-sao-paulo\/"]}]},{"@type":"BreadcrumbList","@id":"https:\/\/gnrambiental.com.br\/noticias\/laudo-nr-13-compressores-e-vasos-de-pressao-em-sao-paulo\/#breadcrumb","itemListElement":[{"@type":"ListItem","position":1,"name":"In\u00edcio","item":"https:\/\/gnrambiental.com.br\/noticias\/"},{"@type":"ListItem","position":2,"name":"Laudo NR 13 \u2013 Compressores e Vasos de Press\u00e3o em S\u00e3o Paulo"}]},{"@type":"WebSite","@id":"https:\/\/gnrambiental.com.br\/noticias\/#website","url":"https:\/\/gnrambiental.com.br\/noticias\/","name":"GNR Ambiental","description":"","potentialAction":[{"@type":"SearchAction","target":{"@type":"EntryPoint","urlTemplate":"https:\/\/gnrambiental.com.br\/noticias\/?s={search_term_string}"},"query-input":{"@type":"PropertyValueSpecification","valueRequired":true,"valueName":"search_term_string"}}],"inLanguage":"pt-BR"},{"@type":"Person","@id":"https:\/\/gnrambiental.com.br\/noticias\/#\/schema\/person\/665c9a349aa30972fa8d07edc2ee38af","name":"blog_gnr","image":{"@type":"ImageObject","inLanguage":"pt-BR","@id":"https:\/\/gnrambiental.com.br\/noticias\/#\/schema\/person\/image\/","url":"https:\/\/secure.gravatar.com\/avatar\/e4c10858129539ef55035c1f4f80f9c3?s=96&d=mm&r=g","contentUrl":"https:\/\/secure.gravatar.com\/avatar\/e4c10858129539ef55035c1f4f80f9c3?s=96&d=mm&r=g","caption":"blog_gnr"}}]}},"_links":{"self":[{"href":"https:\/\/gnrambiental.com.br\/noticias\/wp-json\/wp\/v2\/posts\/1994"}],"collection":[{"href":"https:\/\/gnrambiental.com.br\/noticias\/wp-json\/wp\/v2\/posts"}],"about":[{"href":"https:\/\/gnrambiental.com.br\/noticias\/wp-json\/wp\/v2\/types\/post"}],"author":[{"embeddable":true,"href":"https:\/\/gnrambiental.com.br\/noticias\/wp-json\/wp\/v2\/users\/1"}],"replies":[{"embeddable":true,"href":"https:\/\/gnrambiental.com.br\/noticias\/wp-json\/wp\/v2\/comments?post=1994"}],"version-history":[{"count":1,"href":"https:\/\/gnrambiental.com.br\/noticias\/wp-json\/wp\/v2\/posts\/1994\/revisions"}],"predecessor-version":[{"id":1995,"href":"https:\/\/gnrambiental.com.br\/noticias\/wp-json\/wp\/v2\/posts\/1994\/revisions\/1995"}],"wp:attachment":[{"href":"https:\/\/gnrambiental.com.br\/noticias\/wp-json\/wp\/v2\/media?parent=1994"}],"wp:term":[{"taxonomy":"category","embeddable":true,"href":"https:\/\/gnrambiental.com.br\/noticias\/wp-json\/wp\/v2\/categories?post=1994"},{"taxonomy":"post_tag","embeddable":true,"href":"https:\/\/gnrambiental.com.br\/noticias\/wp-json\/wp\/v2\/tags?post=1994"}],"curies":[{"name":"wp","href":"https:\/\/api.w.org\/{rel}","templated":true}]}}