{"id":2007,"date":"2025-10-29T21:59:13","date_gmt":"2025-10-30T00:59:13","guid":{"rendered":"https:\/\/gnrambiental.com.br\/noticias\/?p=2007"},"modified":"2025-10-29T21:59:13","modified_gmt":"2025-10-30T00:59:13","slug":"laudo-de-ruido-acreditado-iso-17025-em-belo-horizonte-gnr-ambiental-2","status":"publish","type":"post","link":"https:\/\/gnrambiental.com.br\/noticias\/laudo-de-ruido-acreditado-iso-17025-em-belo-horizonte-gnr-ambiental-2\/","title":{"rendered":"Laudo de Ru\u00eddo Acreditado ISO 17025 em Belo Horizonte \u2013 GNR Ambiental"},"content":{"rendered":"<h1 data-start=\"404\" data-end=\"479\"><strong data-start=\"406\" data-end=\"479\">Laudo de Ru\u00eddo Acreditado ISO 17025 em Belo Horizonte \u2013 GNR Ambiental<\/strong><\/h1>\n<p data-start=\"481\" data-end=\"918\">O <strong data-start=\"483\" data-end=\"540\">laudo de ru\u00eddo acreditado ISO 17025 em Belo Horizonte<\/strong> \u00e9 essencial para comprovar se um empreendimento atende aos limites legais de ru\u00eddo previstos na <strong data-start=\"637\" data-end=\"660\">ABNT NBR 10151:2019<\/strong> e na legisla\u00e7\u00e3o municipal.<br data-start=\"687\" data-end=\"690\" \/>A <strong data-start=\"692\" data-end=\"709\">GNR Ambiental<\/strong> \u00e9 <strong data-start=\"712\" data-end=\"756\">acreditada pela CGCRE\/INMETRO (CRL 1804)<\/strong> especificamente para <strong data-start=\"778\" data-end=\"829\">ensaios de ru\u00eddo ambiental conforme a NBR 10151<\/strong>, assegurando resultados <strong data-start=\"854\" data-end=\"917\">tecnicamente rastre\u00e1veis, reconhecidos e v\u00e1lidos legalmente<\/strong>.<\/p>\n<p data-start=\"481\" data-end=\"918\">\n<div id=\"attachment_1464\" style=\"width: 150px\" class=\"wp-caption alignnone\"><img loading=\"lazy\" decoding=\"async\" aria-describedby=\"caption-attachment-1464\" class=\"wp-image-1464 size-medium\" src=\"https:\/\/gnrambiental.com.br\/noticias\/wp-content\/uploads\/2024\/03\/mapa-ruido-140x300.png\" alt=\"Laudo de ru\u00eddo NBR 10151\" width=\"140\" height=\"300\" srcset=\"https:\/\/gnrambiental.com.br\/noticias\/wp-content\/uploads\/2024\/03\/mapa-ruido-140x300.png 140w, https:\/\/gnrambiental.com.br\/noticias\/wp-content\/uploads\/2024\/03\/mapa-ruido.png 318w\" sizes=\"(max-width: 140px) 100vw, 140px\" \/><p id=\"caption-attachment-1464\" class=\"wp-caption-text\">Laudo de ru\u00eddo acreditado ISO 17025 em Belo Horizonte \u2013 GNR Ambiental<\/p><\/div>\n<hr data-start=\"1038\" data-end=\"1041\" \/>\n<h2 data-start=\"1043\" data-end=\"1097\"><strong data-start=\"1046\" data-end=\"1097\">Import\u00e2ncia do Laudo de Ru\u00eddo em Belo Horizonte<\/strong><\/h2>\n<p data-start=\"1099\" data-end=\"1192\">Em Belo Horizonte, o <strong data-start=\"1120\" data-end=\"1159\">laudo de ru\u00eddo acreditado ISO 17025<\/strong> \u00e9 exigido em diversas situa\u00e7\u00f5es:<\/p>\n<ul data-start=\"1194\" data-end=\"1577\">\n<li data-start=\"1194\" data-end=\"1284\">\n<p data-start=\"1196\" data-end=\"1284\"><strong data-start=\"1196\" data-end=\"1223\">Licenciamento ambiental<\/strong> junto \u00e0 <strong data-start=\"1232\" data-end=\"1264\">Prefeitura de Belo Horizonte<\/strong> e \u00e0 <strong data-start=\"1269\" data-end=\"1281\">SEMAD\/MG<\/strong>;<\/p>\n<\/li>\n<li data-start=\"1285\" data-end=\"1388\">\n<p data-start=\"1287\" data-end=\"1388\"><strong data-start=\"1287\" data-end=\"1330\">Atendimento a reclama\u00e7\u00f5es de vizinhan\u00e7a<\/strong> e notifica\u00e7\u00f5es da <strong data-start=\"1349\" data-end=\"1385\">Fiscaliza\u00e7\u00e3o Ambiental Municipal<\/strong>;<\/p>\n<\/li>\n<li data-start=\"1389\" data-end=\"1459\">\n<p data-start=\"1391\" data-end=\"1459\"><strong data-start=\"1391\" data-end=\"1456\">Regulariza\u00e7\u00e3o de ind\u00fastrias, com\u00e9rcios, condom\u00ednios e eventos<\/strong>;<\/p>\n<\/li>\n<li data-start=\"1460\" data-end=\"1513\">\n<p data-start=\"1462\" data-end=\"1513\"><strong data-start=\"1462\" data-end=\"1510\">Estudos ac\u00fasticos e de impacto de vizinhan\u00e7a<\/strong>;<\/p>\n<\/li>\n<li data-start=\"1514\" data-end=\"1577\">\n<p data-start=\"1516\" data-end=\"1577\"><strong data-start=\"1516\" data-end=\"1576\">Comprova\u00e7\u00e3o t\u00e9cnica em per\u00edcias trabalhistas e judiciais<\/strong>.<\/p>\n<\/li>\n<\/ul>\n<hr data-start=\"1579\" data-end=\"1582\" \/>\n<h2 data-start=\"1584\" data-end=\"1635\"><strong data-start=\"1587\" data-end=\"1635\">Conformidade t\u00e9cnica \u2013 ISO 17025 e NBR 10151<\/strong><\/h2>\n<p data-start=\"1637\" data-end=\"1944\">A acredita\u00e7\u00e3o <strong data-start=\"1651\" data-end=\"1675\">ISO 17025 (CRL 1804)<\/strong> da GNR Ambiental \u00e9<strong data-start=\"1695\" data-end=\"1781\">\u00a0para laudos de ru\u00eddo ambiental realizados conforme a ABNT NBR 10151:2019<\/strong>.<br data-start=\"1782\" data-end=\"1785\" \/>Isso garante que todas as medi\u00e7\u00f5es sigam padr\u00f5es reconhecidos pelo <strong data-start=\"1852\" data-end=\"1863\">INMETRO<\/strong> e pela <strong data-start=\"1871\" data-end=\"1879\">ABNT<\/strong>, com <strong data-start=\"1885\" data-end=\"1943\">equipamentos Classe 1 calibrados e rastreabilidade RBC<\/strong>.<\/p>\n<p data-start=\"1946\" data-end=\"1980\">As medi\u00e7\u00f5es e relat\u00f3rios seguem:<\/p>\n<ul data-start=\"1981\" data-end=\"2339\">\n<li data-start=\"1981\" data-end=\"2076\">\n<p data-start=\"1983\" data-end=\"2076\"><a href=\"https:\/\/www.abntcatalogo.com.br\/\"><strong data-start=\"1984\" data-end=\"2007\">ABNT NBR 10151:2019<\/strong> <\/a>\u2013 avalia\u00e7\u00e3o de ru\u00eddo em \u00e1reas habitadas;<\/p>\n<\/li>\n<li data-start=\"2077\" data-end=\"2143\">\n<p data-start=\"2079\" data-end=\"2143\"><strong data-start=\"2079\" data-end=\"2102\">ABNT NBR 10152:2017<\/strong> \u2013 n\u00edveis de conforto ac\u00fastico interno;<\/p>\n<\/li>\n<li data-start=\"2144\" data-end=\"2195\">\n<p data-start=\"2146\" data-end=\"2195\"><strong data-start=\"2146\" data-end=\"2192\">Procedimentos auditados pela CGCRE\/INMETRO<\/strong>;<\/p>\n<\/li>\n<li data-start=\"2196\" data-end=\"2339\">\n<p data-start=\"2198\" data-end=\"2339\"><strong data-start=\"2198\" data-end=\"2226\">Boas pr\u00e1ticas de medi\u00e7\u00e3o<\/strong> conforme guia t\u00e9cnico da <strong data-start=\"2252\" data-end=\"2262\">CETESB<\/strong> e recomenda\u00e7\u00f5es do <strong data-start=\"2282\" data-end=\"2293\">INMETRO<\/strong> (<a class=\"decorated-link cursor-pointer\" href=\"http:\/\/www.inmetro.gov.br\/credenciamento\/organismos\/doc_organismos.asp?tOrganismo=CalibEnsaios\" target=\"_new\" rel=\"noopener\" data-start=\"2295\" data-end=\"2337\">link oficial<\/a>).<\/p>\n<\/li>\n<\/ul>\n<hr data-start=\"2341\" data-end=\"2344\" \/>\n<h2 data-start=\"2346\" data-end=\"2394\"><strong data-start=\"2349\" data-end=\"2394\">Etapas do Laudo de Ru\u00eddo da GNR Ambiental<\/strong><\/h2>\n<p data-start=\"2396\" data-end=\"2725\">1\ufe0f\u20e3 <strong data-start=\"2400\" data-end=\"2456\">Levantamento das fontes sonoras e an\u00e1lise documental<\/strong>;<br data-start=\"2457\" data-end=\"2460\" \/>2\ufe0f\u20e3 <strong data-start=\"2464\" data-end=\"2509\">Medi\u00e7\u00f5es de campo conforme NBR 10151:2019<\/strong>;<br data-start=\"2510\" data-end=\"2513\" \/>3\ufe0f\u20e3 <strong data-start=\"2517\" data-end=\"2573\">C\u00e1lculo do ru\u00eddo residual e espec\u00edfico (Lres e Lesp)<\/strong>;<br data-start=\"2574\" data-end=\"2577\" \/>4\ufe0f\u20e3 <strong data-start=\"2581\" data-end=\"2645\">Compara\u00e7\u00e3o com os limites da legisla\u00e7\u00e3o municipal e estadual<\/strong>;<br data-start=\"2646\" data-end=\"2649\" \/>5\ufe0f\u20e3 <strong data-start=\"2653\" data-end=\"2725\">Emiss\u00e3o do laudo t\u00e9cnico com ART registrada e relat\u00f3rio fotogr\u00e1fico.<\/strong><\/p>\n<hr data-start=\"2727\" data-end=\"2730\" \/>\n<h2 data-start=\"2732\" data-end=\"2806\"><strong data-start=\"2735\" data-end=\"2806\">GNR Ambiental \u2013 Refer\u00eancia em Belo Horizonte e Regi\u00e3o Metropolitana<\/strong><\/h2>\n<p data-start=\"2808\" data-end=\"3009\">A <strong data-start=\"2810\" data-end=\"2827\">GNR Ambiental<\/strong> atua em <strong data-start=\"2836\" data-end=\"2920\">Belo Horizonte, Contagem, Betim, Nova Lima, Sabar\u00e1 e toda a regi\u00e3o metropolitana<\/strong>, realizando <strong data-start=\"2933\" data-end=\"2974\">laudos de ru\u00eddo acreditados ISO 17025<\/strong>, al\u00e9m de outros servi\u00e7os t\u00e9cnicos:<\/p>\n<ul data-start=\"3011\" data-end=\"3467\">\n<li data-start=\"3011\" data-end=\"3091\">\n<p data-start=\"3013\" data-end=\"3091\"><a class=\"decorated-link\" href=\"https:\/\/gnrambiental.com.br\" target=\"_new\" rel=\"noopener\" data-start=\"3013\" data-end=\"3089\"><strong data-start=\"3014\" data-end=\"3059\">EPNS \u2013 Estudo de Previs\u00e3o de N\u00edvel Sonoro<\/strong><\/a><\/p>\n<\/li>\n<li data-start=\"3092\" data-end=\"3172\">\n<p data-start=\"3094\" data-end=\"3172\"><a class=\"decorated-link\" href=\"https:\/\/gnrambiental.com.br\/EIV\" target=\"_new\" rel=\"noopener\" data-start=\"3094\" data-end=\"3170\"><strong data-start=\"3095\" data-end=\"3136\">EIV \u2013 Estudo de Impacto de Vizinhan\u00e7a<\/strong><\/a><\/p>\n<\/li>\n<li data-start=\"3173\" data-end=\"3275\">\n<p data-start=\"3175\" data-end=\"3275\"><a class=\"decorated-link\" href=\"https:\/\/gnrambiental.com.br\/laudo-de-ruido\" target=\"_new\" rel=\"noopener\" data-start=\"3175\" data-end=\"3273\"><strong data-start=\"3176\" data-end=\"3228\">Laudo de Vibra\u00e7\u00e3o Ambiental \u2013 DD 215\/2015 CETESB<\/strong><\/a><\/p>\n<\/li>\n<li data-start=\"3276\" data-end=\"3351\">\n<p data-start=\"3278\" data-end=\"3351\"><a class=\"decorated-link\" href=\"https:\/\/gnrambiental.com.br\/laudo-eletrico\" target=\"_new\" rel=\"noopener\" data-start=\"3278\" data-end=\"3349\"><strong data-start=\"3279\" data-end=\"3304\">Laudo El\u00e9trico e SPDA<\/strong><\/a><\/p>\n<\/li>\n<li data-start=\"3352\" data-end=\"3467\">\n<p data-start=\"3354\" data-end=\"3467\"><a class=\"decorated-link\" href=\"https:\/\/gnrambiental.com.br\/plano-de-gerenciamento-de-residuos\" target=\"_new\" rel=\"noopener\" data-start=\"3354\" data-end=\"3465\"><strong data-start=\"3355\" data-end=\"3400\">PGRS \u2013 Plano de Gerenciamento de Res\u00edduos<\/strong><\/a><\/p>\n<\/li>\n<\/ul>\n<hr data-start=\"3469\" data-end=\"3472\" \/>\n<h2 data-start=\"3474\" data-end=\"3514\"><strong data-start=\"3477\" data-end=\"3514\">Por que contratar a GNR Ambiental<\/strong><\/h2>\n<p data-start=\"3516\" data-end=\"3852\">\u2714\ufe0f <strong data-start=\"3519\" data-end=\"3560\">Acredita\u00e7\u00e3o ISO 17025 (CGCRE\/INMETRO)<\/strong> exclusiva para ensaios de ru\u00eddo NBR 10151;<br data-start=\"3603\" data-end=\"3606\" \/>\u2714\ufe0f <strong data-start=\"3609\" data-end=\"3634\">Certifica\u00e7\u00e3o ISO 9001<\/strong> para todos os servi\u00e7os t\u00e9cnicos;<br data-start=\"3667\" data-end=\"3670\" \/>\u2714\ufe0f <strong data-start=\"3673\" data-end=\"3730\">Equipamentos Classe 1 calibrados e rastre\u00e1veis ao RBC<\/strong>;<br data-start=\"3731\" data-end=\"3734\" \/>\u2714\ufe0f <strong data-start=\"3737\" data-end=\"3755\">ART registrada<\/strong> e laudo com validade legal;<br data-start=\"3783\" data-end=\"3786\" \/>\u2714\ufe0f Atendimento especializado em <strong data-start=\"3818\" data-end=\"3851\">Belo Horizonte e Minas Gerais<\/strong>.<\/p>\n<hr data-start=\"3854\" data-end=\"3857\" \/>\n<h2 data-start=\"3859\" data-end=\"3887\"><strong data-start=\"3862\" data-end=\"3887\">Solicite um Or\u00e7amento<\/strong><\/h2>\n<p data-start=\"3889\" data-end=\"3975\">\ud83d\udcde <strong data-start=\"3892\" data-end=\"3910\">(11) 2374-1201<\/strong><br data-start=\"3910\" data-end=\"3913\" \/>\ud83d\udcf1 <strong data-start=\"3916\" data-end=\"3935\">(11) 95277-2125<\/strong><br data-start=\"3935\" data-end=\"3938\" \/>\u2709\ufe0f <strong data-start=\"3941\" data-end=\"3975\"><a class=\"decorated-link cursor-pointer\" rel=\"noopener\" data-start=\"3943\" data-end=\"3973\">comercial2@gnrambiental.com.br<\/a><\/strong><\/p>\n<p data-start=\"3977\" data-end=\"4213\">A <strong data-start=\"3979\" data-end=\"3996\">GNR Ambiental<\/strong> \u00e9 refer\u00eancia em <strong data-start=\"4013\" data-end=\"4070\">laudo de ru\u00eddo acreditado ISO 17025 em Belo Horizonte<\/strong>, garantindo <strong data-start=\"4083\" data-end=\"4136\">resultados precisos, conformidade com a NBR 10151<\/strong> e <strong data-start=\"4139\" data-end=\"4212\">aceita\u00e7\u00e3o plena em processos de licenciamento e auditorias ambientais<\/strong>.<\/p>\n","protected":false},"excerpt":{"rendered":"<p>Laudo de Ru\u00eddo Acreditado ISO 17025 em Belo Horizonte \u2013 GNR Ambiental O laudo de ru\u00eddo acreditado ISO 17025 em Belo Horizonte \u00e9 essencial para comprovar se um empreendimento atende aos limites legais de ru\u00eddo previstos na ABNT NBR 10151:2019 e na legisla\u00e7\u00e3o municipal.A GNR Ambiental \u00e9 acreditada pela CGCRE\/INMETRO (CRL 1804) especificamente para ensaios [&hellip;]<\/p>\n","protected":false},"author":1,"featured_media":0,"comment_status":"open","ping_status":"open","sticky":false,"template":"","format":"standard","meta":{"_et_pb_use_builder":"","_et_pb_old_content":"","_et_gb_content_width":"","_joinchat":[],"footnotes":""},"categories":[1],"tags":[],"class_list":["post-2007","post","type-post","status-publish","format-standard","hentry","category-sem-categoria"],"yoast_head":"<!-- This site is optimized with the Yoast SEO plugin v24.6 - https:\/\/yoast.com\/wordpress\/plugins\/seo\/ -->\n<title>Laudo de Ru\u00eddo Acreditado ISO 17025 em Belo Horizonte \u2013 GNR Ambiental - GNR Ambiental<\/title>\n<meta name=\"description\" content=\"Laudo de ru\u00eddo acreditado ISO 17025 em Belo Horizonte com medi\u00e7\u00f5es NBR 10151. GNR Ambiental \u00e9 acreditada pela CGCRE\/INMETRO CRL 1804. Resultados reconhecidos e rastre\u00e1veis.\" \/>\n<meta name=\"robots\" content=\"index, follow, max-snippet:-1, max-image-preview:large, max-video-preview:-1\" \/>\n<link rel=\"canonical\" href=\"https:\/\/gnrambiental.com.br\/noticias\/laudo-de-ruido-acreditado-iso-17025-em-belo-horizonte-gnr-ambiental-2\/\" \/>\n<meta property=\"og:locale\" content=\"pt_BR\" \/>\n<meta property=\"og:type\" content=\"article\" \/>\n<meta property=\"og:title\" content=\"Laudo de Ru\u00eddo Acreditado ISO 17025 em Belo Horizonte \u2013 GNR Ambiental - GNR Ambiental\" \/>\n<meta property=\"og:description\" content=\"Laudo de ru\u00eddo acreditado ISO 17025 em Belo Horizonte com medi\u00e7\u00f5es NBR 10151. GNR Ambiental \u00e9 acreditada pela CGCRE\/INMETRO CRL 1804. Resultados reconhecidos e rastre\u00e1veis.\" \/>\n<meta property=\"og:url\" content=\"https:\/\/gnrambiental.com.br\/noticias\/laudo-de-ruido-acreditado-iso-17025-em-belo-horizonte-gnr-ambiental-2\/\" \/>\n<meta property=\"og:site_name\" content=\"GNR Ambiental\" \/>\n<meta property=\"article:published_time\" content=\"2025-10-30T00:59:13+00:00\" \/>\n<meta property=\"og:image\" content=\"https:\/\/gnrambiental.com.br\/noticias\/wp-content\/uploads\/2024\/03\/mapa-ruido-140x300.png\" \/>\n<meta name=\"author\" content=\"blog_gnr\" \/>\n<meta name=\"twitter:card\" content=\"summary_large_image\" \/>\n<meta name=\"twitter:label1\" content=\"Escrito por\" \/>\n\t<meta name=\"twitter:data1\" content=\"blog_gnr\" \/>\n\t<meta name=\"twitter:label2\" content=\"Est. tempo de leitura\" \/>\n\t<meta name=\"twitter:data2\" content=\"3 minutos\" \/>\n<script type=\"application\/ld+json\" class=\"yoast-schema-graph\">{\"@context\":\"https:\/\/schema.org\",\"@graph\":[{\"@type\":\"WebPage\",\"@id\":\"https:\/\/gnrambiental.com.br\/noticias\/laudo-de-ruido-acreditado-iso-17025-em-belo-horizonte-gnr-ambiental-2\/\",\"url\":\"https:\/\/gnrambiental.com.br\/noticias\/laudo-de-ruido-acreditado-iso-17025-em-belo-horizonte-gnr-ambiental-2\/\",\"name\":\"Laudo de Ru\u00eddo Acreditado ISO 17025 em Belo Horizonte \u2013 GNR Ambiental - GNR Ambiental\",\"isPartOf\":{\"@id\":\"https:\/\/gnrambiental.com.br\/noticias\/#website\"},\"primaryImageOfPage\":{\"@id\":\"https:\/\/gnrambiental.com.br\/noticias\/laudo-de-ruido-acreditado-iso-17025-em-belo-horizonte-gnr-ambiental-2\/#primaryimage\"},\"image\":{\"@id\":\"https:\/\/gnrambiental.com.br\/noticias\/laudo-de-ruido-acreditado-iso-17025-em-belo-horizonte-gnr-ambiental-2\/#primaryimage\"},\"thumbnailUrl\":\"https:\/\/gnrambiental.com.br\/noticias\/wp-content\/uploads\/2024\/03\/mapa-ruido-140x300.png\",\"datePublished\":\"2025-10-30T00:59:13+00:00\",\"author\":{\"@id\":\"https:\/\/gnrambiental.com.br\/noticias\/#\/schema\/person\/665c9a349aa30972fa8d07edc2ee38af\"},\"description\":\"Laudo de ru\u00eddo acreditado ISO 17025 em Belo Horizonte com medi\u00e7\u00f5es NBR 10151. GNR Ambiental \u00e9 acreditada pela CGCRE\/INMETRO CRL 1804. Resultados reconhecidos e rastre\u00e1veis.\",\"breadcrumb\":{\"@id\":\"https:\/\/gnrambiental.com.br\/noticias\/laudo-de-ruido-acreditado-iso-17025-em-belo-horizonte-gnr-ambiental-2\/#breadcrumb\"},\"inLanguage\":\"pt-BR\",\"potentialAction\":[{\"@type\":\"ReadAction\",\"target\":[\"https:\/\/gnrambiental.com.br\/noticias\/laudo-de-ruido-acreditado-iso-17025-em-belo-horizonte-gnr-ambiental-2\/\"]}]},{\"@type\":\"ImageObject\",\"inLanguage\":\"pt-BR\",\"@id\":\"https:\/\/gnrambiental.com.br\/noticias\/laudo-de-ruido-acreditado-iso-17025-em-belo-horizonte-gnr-ambiental-2\/#primaryimage\",\"url\":\"https:\/\/gnrambiental.com.br\/noticias\/wp-content\/uploads\/2024\/03\/mapa-ruido.png\",\"contentUrl\":\"https:\/\/gnrambiental.com.br\/noticias\/wp-content\/uploads\/2024\/03\/mapa-ruido.png\",\"width\":318,\"height\":680,\"caption\":\"Laudo de ru\u00eddo acreditado ISO 17025 em Belo Horizonte \u2013 GNR Ambiental\"},{\"@type\":\"BreadcrumbList\",\"@id\":\"https:\/\/gnrambiental.com.br\/noticias\/laudo-de-ruido-acreditado-iso-17025-em-belo-horizonte-gnr-ambiental-2\/#breadcrumb\",\"itemListElement\":[{\"@type\":\"ListItem\",\"position\":1,\"name\":\"In\u00edcio\",\"item\":\"https:\/\/gnrambiental.com.br\/noticias\/\"},{\"@type\":\"ListItem\",\"position\":2,\"name\":\"Laudo de Ru\u00eddo Acreditado ISO 17025 em Belo Horizonte \u2013 GNR Ambiental\"}]},{\"@type\":\"WebSite\",\"@id\":\"https:\/\/gnrambiental.com.br\/noticias\/#website\",\"url\":\"https:\/\/gnrambiental.com.br\/noticias\/\",\"name\":\"GNR Ambiental\",\"description\":\"\",\"potentialAction\":[{\"@type\":\"SearchAction\",\"target\":{\"@type\":\"EntryPoint\",\"urlTemplate\":\"https:\/\/gnrambiental.com.br\/noticias\/?s={search_term_string}\"},\"query-input\":{\"@type\":\"PropertyValueSpecification\",\"valueRequired\":true,\"valueName\":\"search_term_string\"}}],\"inLanguage\":\"pt-BR\"},{\"@type\":\"Person\",\"@id\":\"https:\/\/gnrambiental.com.br\/noticias\/#\/schema\/person\/665c9a349aa30972fa8d07edc2ee38af\",\"name\":\"blog_gnr\",\"image\":{\"@type\":\"ImageObject\",\"inLanguage\":\"pt-BR\",\"@id\":\"https:\/\/gnrambiental.com.br\/noticias\/#\/schema\/person\/image\/\",\"url\":\"https:\/\/secure.gravatar.com\/avatar\/e4c10858129539ef55035c1f4f80f9c3?s=96&d=mm&r=g\",\"contentUrl\":\"https:\/\/secure.gravatar.com\/avatar\/e4c10858129539ef55035c1f4f80f9c3?s=96&d=mm&r=g\",\"caption\":\"blog_gnr\"}}]}<\/script>\n<!-- \/ Yoast SEO plugin. -->","yoast_head_json":{"title":"Laudo de Ru\u00eddo Acreditado ISO 17025 em Belo Horizonte \u2013 GNR Ambiental - GNR Ambiental","description":"Laudo de ru\u00eddo acreditado ISO 17025 em Belo Horizonte com medi\u00e7\u00f5es NBR 10151. GNR Ambiental \u00e9 acreditada pela CGCRE\/INMETRO CRL 1804. Resultados reconhecidos e rastre\u00e1veis.","robots":{"index":"index","follow":"follow","max-snippet":"max-snippet:-1","max-image-preview":"max-image-preview:large","max-video-preview":"max-video-preview:-1"},"canonical":"https:\/\/gnrambiental.com.br\/noticias\/laudo-de-ruido-acreditado-iso-17025-em-belo-horizonte-gnr-ambiental-2\/","og_locale":"pt_BR","og_type":"article","og_title":"Laudo de Ru\u00eddo Acreditado ISO 17025 em Belo Horizonte \u2013 GNR Ambiental - GNR Ambiental","og_description":"Laudo de ru\u00eddo acreditado ISO 17025 em Belo Horizonte com medi\u00e7\u00f5es NBR 10151. GNR Ambiental \u00e9 acreditada pela CGCRE\/INMETRO CRL 1804. Resultados reconhecidos e rastre\u00e1veis.","og_url":"https:\/\/gnrambiental.com.br\/noticias\/laudo-de-ruido-acreditado-iso-17025-em-belo-horizonte-gnr-ambiental-2\/","og_site_name":"GNR Ambiental","article_published_time":"2025-10-30T00:59:13+00:00","og_image":[{"url":"https:\/\/gnrambiental.com.br\/noticias\/wp-content\/uploads\/2024\/03\/mapa-ruido-140x300.png","type":"","width":"","height":""}],"author":"blog_gnr","twitter_card":"summary_large_image","twitter_misc":{"Escrito por":"blog_gnr","Est. tempo de leitura":"3 minutos"},"schema":{"@context":"https:\/\/schema.org","@graph":[{"@type":"WebPage","@id":"https:\/\/gnrambiental.com.br\/noticias\/laudo-de-ruido-acreditado-iso-17025-em-belo-horizonte-gnr-ambiental-2\/","url":"https:\/\/gnrambiental.com.br\/noticias\/laudo-de-ruido-acreditado-iso-17025-em-belo-horizonte-gnr-ambiental-2\/","name":"Laudo de Ru\u00eddo Acreditado ISO 17025 em Belo Horizonte \u2013 GNR Ambiental - GNR Ambiental","isPartOf":{"@id":"https:\/\/gnrambiental.com.br\/noticias\/#website"},"primaryImageOfPage":{"@id":"https:\/\/gnrambiental.com.br\/noticias\/laudo-de-ruido-acreditado-iso-17025-em-belo-horizonte-gnr-ambiental-2\/#primaryimage"},"image":{"@id":"https:\/\/gnrambiental.com.br\/noticias\/laudo-de-ruido-acreditado-iso-17025-em-belo-horizonte-gnr-ambiental-2\/#primaryimage"},"thumbnailUrl":"https:\/\/gnrambiental.com.br\/noticias\/wp-content\/uploads\/2024\/03\/mapa-ruido-140x300.png","datePublished":"2025-10-30T00:59:13+00:00","author":{"@id":"https:\/\/gnrambiental.com.br\/noticias\/#\/schema\/person\/665c9a349aa30972fa8d07edc2ee38af"},"description":"Laudo de ru\u00eddo acreditado ISO 17025 em Belo Horizonte com medi\u00e7\u00f5es NBR 10151. GNR Ambiental \u00e9 acreditada pela CGCRE\/INMETRO CRL 1804. Resultados reconhecidos e rastre\u00e1veis.","breadcrumb":{"@id":"https:\/\/gnrambiental.com.br\/noticias\/laudo-de-ruido-acreditado-iso-17025-em-belo-horizonte-gnr-ambiental-2\/#breadcrumb"},"inLanguage":"pt-BR","potentialAction":[{"@type":"ReadAction","target":["https:\/\/gnrambiental.com.br\/noticias\/laudo-de-ruido-acreditado-iso-17025-em-belo-horizonte-gnr-ambiental-2\/"]}]},{"@type":"ImageObject","inLanguage":"pt-BR","@id":"https:\/\/gnrambiental.com.br\/noticias\/laudo-de-ruido-acreditado-iso-17025-em-belo-horizonte-gnr-ambiental-2\/#primaryimage","url":"https:\/\/gnrambiental.com.br\/noticias\/wp-content\/uploads\/2024\/03\/mapa-ruido.png","contentUrl":"https:\/\/gnrambiental.com.br\/noticias\/wp-content\/uploads\/2024\/03\/mapa-ruido.png","width":318,"height":680,"caption":"Laudo de ru\u00eddo acreditado ISO 17025 em Belo Horizonte \u2013 GNR Ambiental"},{"@type":"BreadcrumbList","@id":"https:\/\/gnrambiental.com.br\/noticias\/laudo-de-ruido-acreditado-iso-17025-em-belo-horizonte-gnr-ambiental-2\/#breadcrumb","itemListElement":[{"@type":"ListItem","position":1,"name":"In\u00edcio","item":"https:\/\/gnrambiental.com.br\/noticias\/"},{"@type":"ListItem","position":2,"name":"Laudo de Ru\u00eddo Acreditado ISO 17025 em Belo Horizonte \u2013 GNR Ambiental"}]},{"@type":"WebSite","@id":"https:\/\/gnrambiental.com.br\/noticias\/#website","url":"https:\/\/gnrambiental.com.br\/noticias\/","name":"GNR Ambiental","description":"","potentialAction":[{"@type":"SearchAction","target":{"@type":"EntryPoint","urlTemplate":"https:\/\/gnrambiental.com.br\/noticias\/?s={search_term_string}"},"query-input":{"@type":"PropertyValueSpecification","valueRequired":true,"valueName":"search_term_string"}}],"inLanguage":"pt-BR"},{"@type":"Person","@id":"https:\/\/gnrambiental.com.br\/noticias\/#\/schema\/person\/665c9a349aa30972fa8d07edc2ee38af","name":"blog_gnr","image":{"@type":"ImageObject","inLanguage":"pt-BR","@id":"https:\/\/gnrambiental.com.br\/noticias\/#\/schema\/person\/image\/","url":"https:\/\/secure.gravatar.com\/avatar\/e4c10858129539ef55035c1f4f80f9c3?s=96&d=mm&r=g","contentUrl":"https:\/\/secure.gravatar.com\/avatar\/e4c10858129539ef55035c1f4f80f9c3?s=96&d=mm&r=g","caption":"blog_gnr"}}]}},"_links":{"self":[{"href":"https:\/\/gnrambiental.com.br\/noticias\/wp-json\/wp\/v2\/posts\/2007"}],"collection":[{"href":"https:\/\/gnrambiental.com.br\/noticias\/wp-json\/wp\/v2\/posts"}],"about":[{"href":"https:\/\/gnrambiental.com.br\/noticias\/wp-json\/wp\/v2\/types\/post"}],"author":[{"embeddable":true,"href":"https:\/\/gnrambiental.com.br\/noticias\/wp-json\/wp\/v2\/users\/1"}],"replies":[{"embeddable":true,"href":"https:\/\/gnrambiental.com.br\/noticias\/wp-json\/wp\/v2\/comments?post=2007"}],"version-history":[{"count":1,"href":"https:\/\/gnrambiental.com.br\/noticias\/wp-json\/wp\/v2\/posts\/2007\/revisions"}],"predecessor-version":[{"id":2008,"href":"https:\/\/gnrambiental.com.br\/noticias\/wp-json\/wp\/v2\/posts\/2007\/revisions\/2008"}],"wp:attachment":[{"href":"https:\/\/gnrambiental.com.br\/noticias\/wp-json\/wp\/v2\/media?parent=2007"}],"wp:term":[{"taxonomy":"category","embeddable":true,"href":"https:\/\/gnrambiental.com.br\/noticias\/wp-json\/wp\/v2\/categories?post=2007"},{"taxonomy":"post_tag","embeddable":true,"href":"https:\/\/gnrambiental.com.br\/noticias\/wp-json\/wp\/v2\/tags?post=2007"}],"curies":[{"name":"wp","href":"https:\/\/api.w.org\/{rel}","templated":true}]}}