{"id":2124,"date":"2026-01-07T09:38:26","date_gmt":"2026-01-07T12:38:26","guid":{"rendered":"https:\/\/gnrambiental.com.br\/noticias\/?p=2124"},"modified":"2026-01-07T09:38:26","modified_gmt":"2026-01-07T12:38:26","slug":"laudo-de-fumaca-preta-escala-ringelmann-em-sao-paulo-evite-multas-e-regularize-sua-frota","status":"publish","type":"post","link":"https:\/\/gnrambiental.com.br\/noticias\/laudo-de-fumaca-preta-escala-ringelmann-em-sao-paulo-evite-multas-e-regularize-sua-frota\/","title":{"rendered":"Laudo de Fuma\u00e7a Preta \u2013 Escala Ringelmann em S\u00e3o Paulo: Evite Multas e Regularize sua Frota"},"content":{"rendered":"<p data-path-to-node=\"3\">Se voc\u00ea opera ve\u00edculos pesados ou equipamentos com <b data-path-to-node=\"3\" data-index-in-node=\"51\">motor a diesel<\/b> em S\u00e3o Paulo, sabe que a fiscaliza\u00e7\u00e3o ambiental est\u00e1 cada vez mais rigorosa. O <b data-path-to-node=\"3\" data-index-in-node=\"145\">Laudo de Fuma\u00e7a Preta (ou Laudo de Opacidade)<\/b> n\u00e3o \u00e9 apenas uma boa pr\u00e1tica sustent\u00e1vel, mas uma exig\u00eancia legal que pode evitar multas pesadas e a reten\u00e7\u00e3o de ve\u00edculos.<\/p>\n<p data-path-to-node=\"4\">Na <b data-path-to-node=\"4\" data-index-in-node=\"3\">GNR Ambiental<\/b>, somos especialistas na emiss\u00e3o deste laudo, garantindo que sua empresa esteja em total conformidade com os \u00f3rg\u00e3os ambientais, como a CETESB e o IBAMA.<\/p>\n<hr data-path-to-node=\"5\" \/>\n<h2 data-path-to-node=\"6\">O que \u00e9 o Laudo de Fuma\u00e7a Preta (Escala Ringelmann)?<\/h2>\n<p data-path-to-node=\"7\">O Laudo de Fuma\u00e7a Preta \u00e9 um documento t\u00e9cnico que mensura o n\u00edvel de densidade colorim\u00e9trica da fuma\u00e7a emitida por motores a diesel. Essa medi\u00e7\u00e3o \u00e9 feita atrav\u00e9s da <b data-path-to-node=\"7\" data-index-in-node=\"166\">Escala Ringelmann<\/b>, um m\u00e9todo visual ou digital que compara a tonalidade da fuma\u00e7a com um padr\u00e3o de cinco tons de cinza (do 0% ao 100% de opacidade).<\/p>\n<h3 data-path-to-node=\"8\">Por que este servi\u00e7o \u00e9 obrigat\u00f3rio?<\/h3>\n<p data-path-to-node=\"9\">De acordo com as resolu\u00e7\u00f5es do CONAMA e as diretrizes da CETESB no estado de S\u00e3o Paulo, todo equipamento ou ve\u00edculo movido a diesel deve operar dentro de limites espec\u00edficos de emiss\u00e3o de poluentes. A aus\u00eancia do laudo atualizado pode acarretar em:<\/p>\n<ul data-path-to-node=\"10\">\n<li>\n<p data-path-to-node=\"10,0,0\"><b data-path-to-node=\"10,0,0\" data-index-in-node=\"0\">Multas Ambientais:<\/b> Valores elevados que impactam o fluxo de caixa.<\/p>\n<\/li>\n<li>\n<p data-path-to-node=\"10,1,0\"><b data-path-to-node=\"10,1,0\" data-index-in-node=\"0\">Impedimento de Licenciamento:<\/b> Dificuldade para renovar documentos do ve\u00edculo ou licen\u00e7as de opera\u00e7\u00e3o.<\/p>\n<\/li>\n<li>\n<p data-path-to-node=\"10,2,0\"><b data-path-to-node=\"10,2,0\" data-index-in-node=\"0\">Problemas em Auditorias:<\/b> Perda de certifica\u00e7\u00f5es como ISO 14001.<\/p>\n<\/li>\n<\/ul>\n<hr data-path-to-node=\"11\" \/>\n<h2 data-path-to-node=\"12\">Como funciona a inspe\u00e7\u00e3o da GNR Ambiental?<\/h2>\n<p data-path-to-node=\"13\">Nossa equipe t\u00e9cnica utiliza m\u00e9todos precisos para avaliar a opacidade da fuma\u00e7a, garantindo resultados r\u00e1pidos e confi\u00e1veis. O processo consiste em:<\/p>\n<ol start=\"1\" data-path-to-node=\"14\">\n<li>\n<p data-path-to-node=\"14,0,0\"><b data-path-to-node=\"14,0,0\" data-index-in-node=\"0\">Avalia\u00e7\u00e3o Visual\/Digital:<\/b> Utiliza\u00e7\u00e3o da Escala de Ringelmann reduzida ou opac\u00edmetros.<\/p>\n<\/li>\n<li>\n<p data-path-to-node=\"14,1,0\"><b data-path-to-node=\"14,1,0\" data-index-in-node=\"0\">An\u00e1lise de Conformidade:<\/b> Verifica\u00e7\u00e3o se os n\u00edveis est\u00e3o dentro do permitido pela legisla\u00e7\u00e3o vigente (geralmente at\u00e9 o padr\u00e3o n\u00ba 2 da escala, dependendo da altitude e ano do motor).<\/p>\n<\/li>\n<li>\n<p data-path-to-node=\"14,2,0\"><b data-path-to-node=\"14,2,0\" data-index-in-node=\"0\">Emiss\u00e3o do Laudo T\u00e9cnico:<\/b> Documento assinado por profissionais habilitados, pronto para ser apresentado \u00e0 fiscaliza\u00e7\u00e3o.<\/p>\n<\/li>\n<\/ol>\n<h3 data-path-to-node=\"15\">Vantagens de manter seu Laudo de Opacidade em dia:<\/h3>\n<ul data-path-to-node=\"16\">\n<li>\n<p data-path-to-node=\"16,0,0\"><b data-path-to-node=\"16,0,0\" data-index-in-node=\"0\">Economia de Combust\u00edvel:<\/b> Motores que emitem fuma\u00e7a escura excessiva est\u00e3o queimando combust\u00edvel de forma ineficiente.<\/p>\n<\/li>\n<li>\n<p data-path-to-node=\"16,1,0\"><b data-path-to-node=\"16,1,0\" data-index-in-node=\"0\">Manuten\u00e7\u00e3o Preventiva:<\/b> O laudo ajuda a identificar falhas no sistema de inje\u00e7\u00e3o ou filtros entupidos.<\/p>\n<\/li>\n<li>\n<p data-path-to-node=\"16,2,0\"><b data-path-to-node=\"16,2,0\" data-index-in-node=\"0\">Responsabilidade Ambiental:<\/b> Demonstra o compromisso da sua empresa com a redu\u00e7\u00e3o da polui\u00e7\u00e3o atmosf\u00e9rica em S\u00e3o Paulo.<\/p>\n<\/li>\n<\/ul>\n<hr data-path-to-node=\"17\" \/>\n<h2 data-path-to-node=\"18\">Atendimento em S\u00e3o Paulo e Regi\u00e3o<\/h2>\n<p data-path-to-node=\"19\">A <b data-path-to-node=\"19\" data-index-in-node=\"2\">GNR Ambiental<\/b> possui agilidade no atendimento em toda a Grande S\u00e3o Paulo, atendendo transportadoras, ind\u00fastrias, construtoras e condom\u00ednios que possuem geradores a diesel.<\/p>\n<p data-path-to-node=\"20\">N\u00e3o espere a fiscaliza\u00e7\u00e3o chegar. Regularize seus equipamentos hoje mesmo com quem \u00e9 refer\u00eancia no setor.<\/p>\n<hr data-path-to-node=\"21\" \/>\n<h2 data-path-to-node=\"22\">Solicite um Or\u00e7amento Agora!<\/h2>\n<p data-path-to-node=\"23\">Garanta a conformidade ambiental da sua empresa com o melhor custo-benef\u00edcio do mercado. Entre em contato com a equipe da <b data-path-to-node=\"23\" data-index-in-node=\"122\">GNR Ambiental<\/b>:<\/p>\n<ul data-path-to-node=\"24\">\n<li>\n<p data-path-to-node=\"24,0,0\"><b data-path-to-node=\"24,0,0\" data-index-in-node=\"0\">Telefone Fixo:<\/b> \ud83d\udcde (11) 2374-1201<\/p>\n<\/li>\n<li>\n<p data-path-to-node=\"24,1,0\"><b data-path-to-node=\"24,1,0\" data-index-in-node=\"0\">WhatsApp:<\/b> \ud83d\udcf1 (11) 97285-9101 | \ud83d\udcf1 (11) 95277-2125<\/p>\n<\/li>\n<li>\n<p data-path-to-node=\"24,2,0\"><b data-path-to-node=\"24,2,0\" data-index-in-node=\"0\">E-mail:<\/b> <a class=\"ng-star-inserted\" href=\"mailto:comercial2@gnrambiental.com.br\" target=\"_blank\" rel=\"noopener\">comercial2@gnrambiental.com.br<\/a><\/p>\n<\/li>\n<li>\n<p data-path-to-node=\"24,3,0\"><b data-path-to-node=\"24,3,0\" data-index-in-node=\"0\">Site Oficial:<\/b> \ud83c\udf10 <a class=\"ng-star-inserted\" href=\"https:\/\/gnrambiental.com.br\/\" target=\"_blank\" rel=\"noopener\">gnrambiental.com.br<\/a><\/p>\n<\/li>\n<\/ul>\n<p data-path-to-node=\"25\"><b data-path-to-node=\"25\" data-index-in-node=\"0\">GNR Ambiental: Sua parceira estrat\u00e9gica em solu\u00e7\u00f5es ambientais em S\u00e3o Paulo.<\/b><\/p>\n","protected":false},"excerpt":{"rendered":"<p>Se voc\u00ea opera ve\u00edculos pesados ou equipamentos com motor a diesel em S\u00e3o Paulo, sabe que a fiscaliza\u00e7\u00e3o ambiental est\u00e1 cada vez mais rigorosa. O Laudo de Fuma\u00e7a Preta (ou Laudo de Opacidade) n\u00e3o \u00e9 apenas uma boa pr\u00e1tica sustent\u00e1vel, mas uma exig\u00eancia legal que pode evitar multas pesadas e a reten\u00e7\u00e3o de ve\u00edculos. Na [&hellip;]<\/p>\n","protected":false},"author":1,"featured_media":0,"comment_status":"open","ping_status":"open","sticky":false,"template":"","format":"standard","meta":{"_et_pb_use_builder":"","_et_pb_old_content":"","_et_gb_content_width":"","_joinchat":[],"footnotes":""},"categories":[1],"tags":[],"class_list":["post-2124","post","type-post","status-publish","format-standard","hentry","category-sem-categoria"],"yoast_head":"<!-- This site is optimized with the Yoast SEO plugin v24.6 - https:\/\/yoast.com\/wordpress\/plugins\/seo\/ -->\n<title>Laudo de Fuma\u00e7a Preta \u2013 Escala Ringelmann em S\u00e3o Paulo: Evite Multas e Regularize sua Frota - GNR Ambiental<\/title>\n<meta name=\"robots\" content=\"index, follow, max-snippet:-1, max-image-preview:large, max-video-preview:-1\" \/>\n<link rel=\"canonical\" href=\"https:\/\/gnrambiental.com.br\/noticias\/laudo-de-fumaca-preta-escala-ringelmann-em-sao-paulo-evite-multas-e-regularize-sua-frota\/\" \/>\n<meta property=\"og:locale\" content=\"pt_BR\" \/>\n<meta property=\"og:type\" content=\"article\" \/>\n<meta property=\"og:title\" content=\"Laudo de Fuma\u00e7a Preta \u2013 Escala Ringelmann em S\u00e3o Paulo: Evite Multas e Regularize sua Frota - GNR Ambiental\" \/>\n<meta property=\"og:description\" content=\"Se voc\u00ea opera ve\u00edculos pesados ou equipamentos com motor a diesel em S\u00e3o Paulo, sabe que a fiscaliza\u00e7\u00e3o ambiental est\u00e1 cada vez mais rigorosa. O Laudo de Fuma\u00e7a Preta (ou Laudo de Opacidade) n\u00e3o \u00e9 apenas uma boa pr\u00e1tica sustent\u00e1vel, mas uma exig\u00eancia legal que pode evitar multas pesadas e a reten\u00e7\u00e3o de ve\u00edculos. Na [&hellip;]\" \/>\n<meta property=\"og:url\" content=\"https:\/\/gnrambiental.com.br\/noticias\/laudo-de-fumaca-preta-escala-ringelmann-em-sao-paulo-evite-multas-e-regularize-sua-frota\/\" \/>\n<meta property=\"og:site_name\" content=\"GNR Ambiental\" \/>\n<meta property=\"article:published_time\" content=\"2026-01-07T12:38:26+00:00\" \/>\n<meta name=\"author\" content=\"blog_gnr\" \/>\n<meta name=\"twitter:card\" content=\"summary_large_image\" \/>\n<meta name=\"twitter:label1\" content=\"Escrito por\" \/>\n\t<meta name=\"twitter:data1\" content=\"blog_gnr\" \/>\n\t<meta name=\"twitter:label2\" content=\"Est. tempo de leitura\" \/>\n\t<meta name=\"twitter:data2\" content=\"3 minutos\" \/>\n<script type=\"application\/ld+json\" class=\"yoast-schema-graph\">{\"@context\":\"https:\/\/schema.org\",\"@graph\":[{\"@type\":\"WebPage\",\"@id\":\"https:\/\/gnrambiental.com.br\/noticias\/laudo-de-fumaca-preta-escala-ringelmann-em-sao-paulo-evite-multas-e-regularize-sua-frota\/\",\"url\":\"https:\/\/gnrambiental.com.br\/noticias\/laudo-de-fumaca-preta-escala-ringelmann-em-sao-paulo-evite-multas-e-regularize-sua-frota\/\",\"name\":\"Laudo de Fuma\u00e7a Preta \u2013 Escala Ringelmann em S\u00e3o Paulo: Evite Multas e Regularize sua Frota - GNR Ambiental\",\"isPartOf\":{\"@id\":\"https:\/\/gnrambiental.com.br\/noticias\/#website\"},\"datePublished\":\"2026-01-07T12:38:26+00:00\",\"author\":{\"@id\":\"https:\/\/gnrambiental.com.br\/noticias\/#\/schema\/person\/665c9a349aa30972fa8d07edc2ee38af\"},\"breadcrumb\":{\"@id\":\"https:\/\/gnrambiental.com.br\/noticias\/laudo-de-fumaca-preta-escala-ringelmann-em-sao-paulo-evite-multas-e-regularize-sua-frota\/#breadcrumb\"},\"inLanguage\":\"pt-BR\",\"potentialAction\":[{\"@type\":\"ReadAction\",\"target\":[\"https:\/\/gnrambiental.com.br\/noticias\/laudo-de-fumaca-preta-escala-ringelmann-em-sao-paulo-evite-multas-e-regularize-sua-frota\/\"]}]},{\"@type\":\"BreadcrumbList\",\"@id\":\"https:\/\/gnrambiental.com.br\/noticias\/laudo-de-fumaca-preta-escala-ringelmann-em-sao-paulo-evite-multas-e-regularize-sua-frota\/#breadcrumb\",\"itemListElement\":[{\"@type\":\"ListItem\",\"position\":1,\"name\":\"In\u00edcio\",\"item\":\"https:\/\/gnrambiental.com.br\/noticias\/\"},{\"@type\":\"ListItem\",\"position\":2,\"name\":\"Laudo de Fuma\u00e7a Preta \u2013 Escala Ringelmann em S\u00e3o Paulo: Evite Multas e Regularize sua Frota\"}]},{\"@type\":\"WebSite\",\"@id\":\"https:\/\/gnrambiental.com.br\/noticias\/#website\",\"url\":\"https:\/\/gnrambiental.com.br\/noticias\/\",\"name\":\"GNR Ambiental\",\"description\":\"\",\"potentialAction\":[{\"@type\":\"SearchAction\",\"target\":{\"@type\":\"EntryPoint\",\"urlTemplate\":\"https:\/\/gnrambiental.com.br\/noticias\/?s={search_term_string}\"},\"query-input\":{\"@type\":\"PropertyValueSpecification\",\"valueRequired\":true,\"valueName\":\"search_term_string\"}}],\"inLanguage\":\"pt-BR\"},{\"@type\":\"Person\",\"@id\":\"https:\/\/gnrambiental.com.br\/noticias\/#\/schema\/person\/665c9a349aa30972fa8d07edc2ee38af\",\"name\":\"blog_gnr\",\"image\":{\"@type\":\"ImageObject\",\"inLanguage\":\"pt-BR\",\"@id\":\"https:\/\/gnrambiental.com.br\/noticias\/#\/schema\/person\/image\/\",\"url\":\"https:\/\/secure.gravatar.com\/avatar\/e4c10858129539ef55035c1f4f80f9c3?s=96&d=mm&r=g\",\"contentUrl\":\"https:\/\/secure.gravatar.com\/avatar\/e4c10858129539ef55035c1f4f80f9c3?s=96&d=mm&r=g\",\"caption\":\"blog_gnr\"}}]}<\/script>\n<!-- \/ Yoast SEO plugin. -->","yoast_head_json":{"title":"Laudo de Fuma\u00e7a Preta \u2013 Escala Ringelmann em S\u00e3o Paulo: Evite Multas e Regularize sua Frota - GNR Ambiental","robots":{"index":"index","follow":"follow","max-snippet":"max-snippet:-1","max-image-preview":"max-image-preview:large","max-video-preview":"max-video-preview:-1"},"canonical":"https:\/\/gnrambiental.com.br\/noticias\/laudo-de-fumaca-preta-escala-ringelmann-em-sao-paulo-evite-multas-e-regularize-sua-frota\/","og_locale":"pt_BR","og_type":"article","og_title":"Laudo de Fuma\u00e7a Preta \u2013 Escala Ringelmann em S\u00e3o Paulo: Evite Multas e Regularize sua Frota - GNR Ambiental","og_description":"Se voc\u00ea opera ve\u00edculos pesados ou equipamentos com motor a diesel em S\u00e3o Paulo, sabe que a fiscaliza\u00e7\u00e3o ambiental est\u00e1 cada vez mais rigorosa. O Laudo de Fuma\u00e7a Preta (ou Laudo de Opacidade) n\u00e3o \u00e9 apenas uma boa pr\u00e1tica sustent\u00e1vel, mas uma exig\u00eancia legal que pode evitar multas pesadas e a reten\u00e7\u00e3o de ve\u00edculos. Na [&hellip;]","og_url":"https:\/\/gnrambiental.com.br\/noticias\/laudo-de-fumaca-preta-escala-ringelmann-em-sao-paulo-evite-multas-e-regularize-sua-frota\/","og_site_name":"GNR Ambiental","article_published_time":"2026-01-07T12:38:26+00:00","author":"blog_gnr","twitter_card":"summary_large_image","twitter_misc":{"Escrito por":"blog_gnr","Est. tempo de leitura":"3 minutos"},"schema":{"@context":"https:\/\/schema.org","@graph":[{"@type":"WebPage","@id":"https:\/\/gnrambiental.com.br\/noticias\/laudo-de-fumaca-preta-escala-ringelmann-em-sao-paulo-evite-multas-e-regularize-sua-frota\/","url":"https:\/\/gnrambiental.com.br\/noticias\/laudo-de-fumaca-preta-escala-ringelmann-em-sao-paulo-evite-multas-e-regularize-sua-frota\/","name":"Laudo de Fuma\u00e7a Preta \u2013 Escala Ringelmann em S\u00e3o Paulo: Evite Multas e Regularize sua Frota - GNR Ambiental","isPartOf":{"@id":"https:\/\/gnrambiental.com.br\/noticias\/#website"},"datePublished":"2026-01-07T12:38:26+00:00","author":{"@id":"https:\/\/gnrambiental.com.br\/noticias\/#\/schema\/person\/665c9a349aa30972fa8d07edc2ee38af"},"breadcrumb":{"@id":"https:\/\/gnrambiental.com.br\/noticias\/laudo-de-fumaca-preta-escala-ringelmann-em-sao-paulo-evite-multas-e-regularize-sua-frota\/#breadcrumb"},"inLanguage":"pt-BR","potentialAction":[{"@type":"ReadAction","target":["https:\/\/gnrambiental.com.br\/noticias\/laudo-de-fumaca-preta-escala-ringelmann-em-sao-paulo-evite-multas-e-regularize-sua-frota\/"]}]},{"@type":"BreadcrumbList","@id":"https:\/\/gnrambiental.com.br\/noticias\/laudo-de-fumaca-preta-escala-ringelmann-em-sao-paulo-evite-multas-e-regularize-sua-frota\/#breadcrumb","itemListElement":[{"@type":"ListItem","position":1,"name":"In\u00edcio","item":"https:\/\/gnrambiental.com.br\/noticias\/"},{"@type":"ListItem","position":2,"name":"Laudo de Fuma\u00e7a Preta \u2013 Escala Ringelmann em S\u00e3o Paulo: Evite Multas e Regularize sua Frota"}]},{"@type":"WebSite","@id":"https:\/\/gnrambiental.com.br\/noticias\/#website","url":"https:\/\/gnrambiental.com.br\/noticias\/","name":"GNR Ambiental","description":"","potentialAction":[{"@type":"SearchAction","target":{"@type":"EntryPoint","urlTemplate":"https:\/\/gnrambiental.com.br\/noticias\/?s={search_term_string}"},"query-input":{"@type":"PropertyValueSpecification","valueRequired":true,"valueName":"search_term_string"}}],"inLanguage":"pt-BR"},{"@type":"Person","@id":"https:\/\/gnrambiental.com.br\/noticias\/#\/schema\/person\/665c9a349aa30972fa8d07edc2ee38af","name":"blog_gnr","image":{"@type":"ImageObject","inLanguage":"pt-BR","@id":"https:\/\/gnrambiental.com.br\/noticias\/#\/schema\/person\/image\/","url":"https:\/\/secure.gravatar.com\/avatar\/e4c10858129539ef55035c1f4f80f9c3?s=96&d=mm&r=g","contentUrl":"https:\/\/secure.gravatar.com\/avatar\/e4c10858129539ef55035c1f4f80f9c3?s=96&d=mm&r=g","caption":"blog_gnr"}}]}},"_links":{"self":[{"href":"https:\/\/gnrambiental.com.br\/noticias\/wp-json\/wp\/v2\/posts\/2124"}],"collection":[{"href":"https:\/\/gnrambiental.com.br\/noticias\/wp-json\/wp\/v2\/posts"}],"about":[{"href":"https:\/\/gnrambiental.com.br\/noticias\/wp-json\/wp\/v2\/types\/post"}],"author":[{"embeddable":true,"href":"https:\/\/gnrambiental.com.br\/noticias\/wp-json\/wp\/v2\/users\/1"}],"replies":[{"embeddable":true,"href":"https:\/\/gnrambiental.com.br\/noticias\/wp-json\/wp\/v2\/comments?post=2124"}],"version-history":[{"count":1,"href":"https:\/\/gnrambiental.com.br\/noticias\/wp-json\/wp\/v2\/posts\/2124\/revisions"}],"predecessor-version":[{"id":2125,"href":"https:\/\/gnrambiental.com.br\/noticias\/wp-json\/wp\/v2\/posts\/2124\/revisions\/2125"}],"wp:attachment":[{"href":"https:\/\/gnrambiental.com.br\/noticias\/wp-json\/wp\/v2\/media?parent=2124"}],"wp:term":[{"taxonomy":"category","embeddable":true,"href":"https:\/\/gnrambiental.com.br\/noticias\/wp-json\/wp\/v2\/categories?post=2124"},{"taxonomy":"post_tag","embeddable":true,"href":"https:\/\/gnrambiental.com.br\/noticias\/wp-json\/wp\/v2\/tags?post=2124"}],"curies":[{"name":"wp","href":"https:\/\/api.w.org\/{rel}","templated":true}]}}