{"id":2128,"date":"2026-01-08T11:31:18","date_gmt":"2026-01-08T14:31:18","guid":{"rendered":"https:\/\/gnrambiental.com.br\/noticias\/?p=2128"},"modified":"2026-01-08T11:31:18","modified_gmt":"2026-01-08T14:31:18","slug":"laudo-de-ruido-em-sao-paulo-a-importancia-da-acreditacao-iso-17025","status":"publish","type":"post","link":"https:\/\/gnrambiental.com.br\/noticias\/laudo-de-ruido-em-sao-paulo-a-importancia-da-acreditacao-iso-17025\/","title":{"rendered":"Laudo de Ru\u00eddo em S\u00e3o Paulo: A Import\u00e2ncia da Acredita\u00e7\u00e3o ISO 17025"},"content":{"rendered":"<p data-path-to-node=\"3\">A cidade de S\u00e3o Paulo possui uma das legisla\u00e7\u00f5es mais rigorosas do pa\u00eds quando o assunto \u00e9 polui\u00e7\u00e3o sonora. Seja para atender \u00e0s exig\u00eancias da <b data-path-to-node=\"3\" data-index-in-node=\"143\">Prefeitura (PSIU)<\/b>, da <b data-path-to-node=\"3\" data-index-in-node=\"165\">CETESB<\/b> ou para garantir o conforto da comunidade vizinha, a emiss\u00e3o de um <b data-path-to-node=\"3\" data-index-in-node=\"239\">Laudo de Ru\u00eddo<\/b> preciso \u00e9 um requisito legal indispens\u00e1vel para ind\u00fastrias, com\u00e9rcios e empreendimentos da capital.<\/p>\n<p data-path-to-node=\"4\">No entanto, n\u00e3o basta apenas medir o som; \u00e9 preciso garantir que os dados sejam aceitos pelos \u00f3rg\u00e3os fiscalizadores e pelo judici\u00e1rio. \u00c9 aqui que a <b data-path-to-node=\"4\" data-index-in-node=\"148\">acredita\u00e7\u00e3o ISO 17025<\/b> se torna o diferencial decisivo.<\/p>\n<h2 data-path-to-node=\"5\">O que \u00e9 a Acredita\u00e7\u00e3o ISO 17025?<\/h2>\n<p data-path-to-node=\"6\">A norma <b data-path-to-node=\"6\" data-index-in-node=\"8\">ISO\/IEC 17025<\/b> \u00e9 o padr\u00e3o internacional que atesta a compet\u00eancia t\u00e9cnica de laborat\u00f3rios de ensaio e calibra\u00e7\u00e3o. Quando um laudo de ru\u00eddo \u00e9 emitido por uma empresa que segue esses padr\u00f5es, voc\u00ea tem a garantia de que:<\/p>\n<ul data-path-to-node=\"7\">\n<li>\n<p data-path-to-node=\"7,0,0\"><b data-path-to-node=\"7,0,0\" data-index-in-node=\"0\">Equipamentos Calibrados:<\/b> Os medidores de n\u00edvel de press\u00e3o sonora (son\u00f4metros) passam por rigorosos controles de calibra\u00e7\u00e3o.<\/p>\n<\/li>\n<li>\n<p data-path-to-node=\"7,1,0\"><b data-path-to-node=\"7,1,0\" data-index-in-node=\"0\">Metodologia Cient\u00edfica:<\/b> As medi\u00e7\u00f5es seguem estritamente as normas t\u00e9cnicas, como a <b data-path-to-node=\"7,1,0\" data-index-in-node=\"83\">NBR 10.151<\/b> (Ac\u00fastica \u2014 Medi\u00e7\u00e3o e avalia\u00e7\u00e3o de n\u00edveis de press\u00e3o sonora em \u00e1reas habitadas).<\/p>\n<\/li>\n<li>\n<p data-path-to-node=\"7,2,0\"><b data-path-to-node=\"7,2,0\" data-index-in-node=\"0\">Rastreabilidade:<\/b> Os resultados possuem validade jur\u00eddica inquestion\u00e1vel frente a processos de fiscaliza\u00e7\u00e3o.<\/p>\n<\/li>\n<\/ul>\n<hr data-path-to-node=\"8\" \/>\n<h2 data-path-to-node=\"9\">GNR Ambiental: Especialista em Laudo de Ru\u00eddo em SP<\/h2>\n<p data-path-to-node=\"10\">A <b data-path-to-node=\"10\" data-index-in-node=\"2\">GNR Ambiental<\/b> \u00e9 refer\u00eancia na elabora\u00e7\u00e3o de laudos de ru\u00eddo em S\u00e3o Paulo. Combinamos tecnologia de ponta com um corpo t\u00e9cnico especializado para oferecer diagn\u00f3sticos precisos que evitam multas e interdi\u00e7\u00f5es.<\/p>\n<p data-path-to-node=\"11\">Nossos servi\u00e7os abrangem:<\/p>\n<ol start=\"1\" data-path-to-node=\"12\">\n<li>\n<p data-path-to-node=\"12,0,0\"><b data-path-to-node=\"12,0,0\" data-index-in-node=\"0\">Avalia\u00e7\u00e3o de Ru\u00eddo Ambiental:<\/b> Para licenciamento e conformidade com a vizinhan\u00e7a.<\/p>\n<\/li>\n<li>\n<p data-path-to-node=\"12,1,0\"><b data-path-to-node=\"12,1,0\" data-index-in-node=\"0\">Monitoramento de Impacto Sonoro:<\/b> An\u00e1lise detalhada de fontes emissoras.<\/p>\n<\/li>\n<li>\n<p data-path-to-node=\"12,2,0\"><b data-path-to-node=\"12,2,0\" data-index-in-node=\"0\">Relat\u00f3rios T\u00e9cnicos:<\/b> Documenta\u00e7\u00e3o completa para defesa em processos administrativos ou judiciais.<\/p>\n<\/li>\n<\/ol>\n<p data-path-to-node=\"13\">Para saber mais sobre como podemos regularizar sua empresa, acesse: <a class=\"ng-star-inserted\" href=\"https:\/\/gnrambiental.com.br\/laudo-de-ruido\" target=\"_blank\" rel=\"noopener\">gnrambiental.com.br\/laudo-de-ruido<\/a>.<\/p>\n<hr data-path-to-node=\"14\" \/>\n<h2 data-path-to-node=\"15\">Gest\u00e3o Integrada: Seguran\u00e7a Ocupacional e Periculosidade<\/h2>\n<p data-path-to-node=\"16\">Al\u00e9m da conformidade ambiental, as empresas em S\u00e3o Paulo precisam estar atentas \u00e0s normas do Minist\u00e9rio do Trabalho. A gest\u00e3o de riscos vai al\u00e9m do ru\u00eddo externo e adentra o ambiente laboral.<\/p>\n<p data-path-to-node=\"17\">Para as empresas que buscam uma solu\u00e7\u00e3o completa em seguran\u00e7a do trabalho, recomendamos a <b data-path-to-node=\"17\" data-index-in-node=\"90\">GRO Gest\u00e3o Ocupacional<\/b>. Eles s\u00e3o especialistas na elabora\u00e7\u00e3o do <b data-path-to-node=\"17\" data-index-in-node=\"154\">Laudo de Periculosidade<\/b>, documento essencial para identificar atividades ou opera\u00e7\u00f5es que exponham o trabalhador a riscos acentuados (como inflam\u00e1veis, explosivos ou energia el\u00e9trica).<\/p>\n<p data-path-to-node=\"18\">A parceria entre gest\u00e3o ambiental e ocupacional garante que sua empresa esteja protegida em todas as frentes regulat\u00f3rias.<\/p>\n<blockquote data-path-to-node=\"19\">\n<p data-path-to-node=\"19,0\">Conhe\u00e7a os servi\u00e7os de periculosidade da <b data-path-to-node=\"19,0\" data-index-in-node=\"41\">GRO Gest\u00e3o Ocupacional<\/b>: <a class=\"ng-star-inserted\" href=\"https:\/\/grogestaoocupacional.com.br\/\" target=\"_blank\" rel=\"noopener\">grogestaoocupacional.com.br<\/a><\/p>\n<\/blockquote>\n<hr data-path-to-node=\"20\" \/>\n<h2 data-path-to-node=\"21\">Entre em Contato com a GNR Ambiental<\/h2>\n<p data-path-to-node=\"22\">N\u00e3o coloque sua opera\u00e7\u00e3o em risco com medi\u00e7\u00f5es imprecisas. Garanta a seguran\u00e7a jur\u00eddica do seu empreendimento com quem entende de ac\u00fastica em S\u00e3o Paulo.<\/p>\n<ul data-path-to-node=\"23\">\n<li>\n<p data-path-to-node=\"23,0,0\"><b data-path-to-node=\"23,0,0\" data-index-in-node=\"0\">Telefone Fixo:<\/b> \ud83d\udcde (11) 2374-1201<\/p>\n<\/li>\n<li>\n<p data-path-to-node=\"23,1,0\"><b data-path-to-node=\"23,1,0\" data-index-in-node=\"0\">WhatsApp:<\/b> \ud83d\udcf1 (11) 97285-9101 | \ud83d\udcf1 (11) 95277-2125<\/p>\n<\/li>\n<li>\n<p data-path-to-node=\"23,2,0\"><b data-path-to-node=\"23,2,0\" data-index-in-node=\"0\">E-mail:<\/b> <a class=\"ng-star-inserted\" href=\"mailto:comercial2@gnrambiental.com.br\" target=\"_blank\" rel=\"noopener\">comercial2@gnrambiental.com.br<\/a><\/p>\n<\/li>\n<li>\n<p data-path-to-node=\"23,3,0\"><b data-path-to-node=\"23,3,0\" data-index-in-node=\"0\">Site Oficial:<\/b> \ud83c\udf10 <a class=\"ng-star-inserted\" href=\"https:\/\/gnrambiental.com.br\" target=\"_blank\" rel=\"noopener\">gnrambiental.com.br<\/a><\/p>\n<\/li>\n<\/ul>\n","protected":false},"excerpt":{"rendered":"<p>A cidade de S\u00e3o Paulo possui uma das legisla\u00e7\u00f5es mais rigorosas do pa\u00eds quando o assunto \u00e9 polui\u00e7\u00e3o sonora. Seja para atender \u00e0s exig\u00eancias da Prefeitura (PSIU), da CETESB ou para garantir o conforto da comunidade vizinha, a emiss\u00e3o de um Laudo de Ru\u00eddo preciso \u00e9 um requisito legal indispens\u00e1vel para ind\u00fastrias, com\u00e9rcios e empreendimentos [&hellip;]<\/p>\n","protected":false},"author":1,"featured_media":0,"comment_status":"open","ping_status":"open","sticky":false,"template":"","format":"standard","meta":{"_et_pb_use_builder":"","_et_pb_old_content":"","_et_gb_content_width":"","_joinchat":[],"footnotes":""},"categories":[1],"tags":[],"class_list":["post-2128","post","type-post","status-publish","format-standard","hentry","category-sem-categoria"],"yoast_head":"<!-- This site is optimized with the Yoast SEO plugin v24.6 - https:\/\/yoast.com\/wordpress\/plugins\/seo\/ -->\n<title>Laudo de Ru\u00eddo em S\u00e3o Paulo: A Import\u00e2ncia da Acredita\u00e7\u00e3o ISO 17025 - GNR Ambiental<\/title>\n<meta name=\"robots\" content=\"index, follow, max-snippet:-1, max-image-preview:large, max-video-preview:-1\" \/>\n<link rel=\"canonical\" href=\"https:\/\/gnrambiental.com.br\/noticias\/laudo-de-ruido-em-sao-paulo-a-importancia-da-acreditacao-iso-17025\/\" \/>\n<meta property=\"og:locale\" content=\"pt_BR\" \/>\n<meta property=\"og:type\" content=\"article\" \/>\n<meta property=\"og:title\" content=\"Laudo de Ru\u00eddo em S\u00e3o Paulo: A Import\u00e2ncia da Acredita\u00e7\u00e3o ISO 17025 - GNR Ambiental\" \/>\n<meta property=\"og:description\" content=\"A cidade de S\u00e3o Paulo possui uma das legisla\u00e7\u00f5es mais rigorosas do pa\u00eds quando o assunto \u00e9 polui\u00e7\u00e3o sonora. Seja para atender \u00e0s exig\u00eancias da Prefeitura (PSIU), da CETESB ou para garantir o conforto da comunidade vizinha, a emiss\u00e3o de um Laudo de Ru\u00eddo preciso \u00e9 um requisito legal indispens\u00e1vel para ind\u00fastrias, com\u00e9rcios e empreendimentos [&hellip;]\" \/>\n<meta property=\"og:url\" content=\"https:\/\/gnrambiental.com.br\/noticias\/laudo-de-ruido-em-sao-paulo-a-importancia-da-acreditacao-iso-17025\/\" \/>\n<meta property=\"og:site_name\" content=\"GNR Ambiental\" \/>\n<meta property=\"article:published_time\" content=\"2026-01-08T14:31:18+00:00\" \/>\n<meta name=\"author\" content=\"blog_gnr\" \/>\n<meta name=\"twitter:card\" content=\"summary_large_image\" \/>\n<meta name=\"twitter:label1\" content=\"Escrito por\" \/>\n\t<meta name=\"twitter:data1\" content=\"blog_gnr\" \/>\n\t<meta name=\"twitter:label2\" content=\"Est. tempo de leitura\" \/>\n\t<meta name=\"twitter:data2\" content=\"3 minutos\" \/>\n<script type=\"application\/ld+json\" class=\"yoast-schema-graph\">{\"@context\":\"https:\/\/schema.org\",\"@graph\":[{\"@type\":\"WebPage\",\"@id\":\"https:\/\/gnrambiental.com.br\/noticias\/laudo-de-ruido-em-sao-paulo-a-importancia-da-acreditacao-iso-17025\/\",\"url\":\"https:\/\/gnrambiental.com.br\/noticias\/laudo-de-ruido-em-sao-paulo-a-importancia-da-acreditacao-iso-17025\/\",\"name\":\"Laudo de Ru\u00eddo em S\u00e3o Paulo: A Import\u00e2ncia da Acredita\u00e7\u00e3o ISO 17025 - GNR Ambiental\",\"isPartOf\":{\"@id\":\"https:\/\/gnrambiental.com.br\/noticias\/#website\"},\"datePublished\":\"2026-01-08T14:31:18+00:00\",\"author\":{\"@id\":\"https:\/\/gnrambiental.com.br\/noticias\/#\/schema\/person\/665c9a349aa30972fa8d07edc2ee38af\"},\"breadcrumb\":{\"@id\":\"https:\/\/gnrambiental.com.br\/noticias\/laudo-de-ruido-em-sao-paulo-a-importancia-da-acreditacao-iso-17025\/#breadcrumb\"},\"inLanguage\":\"pt-BR\",\"potentialAction\":[{\"@type\":\"ReadAction\",\"target\":[\"https:\/\/gnrambiental.com.br\/noticias\/laudo-de-ruido-em-sao-paulo-a-importancia-da-acreditacao-iso-17025\/\"]}]},{\"@type\":\"BreadcrumbList\",\"@id\":\"https:\/\/gnrambiental.com.br\/noticias\/laudo-de-ruido-em-sao-paulo-a-importancia-da-acreditacao-iso-17025\/#breadcrumb\",\"itemListElement\":[{\"@type\":\"ListItem\",\"position\":1,\"name\":\"In\u00edcio\",\"item\":\"https:\/\/gnrambiental.com.br\/noticias\/\"},{\"@type\":\"ListItem\",\"position\":2,\"name\":\"Laudo de Ru\u00eddo em S\u00e3o Paulo: A Import\u00e2ncia da Acredita\u00e7\u00e3o ISO 17025\"}]},{\"@type\":\"WebSite\",\"@id\":\"https:\/\/gnrambiental.com.br\/noticias\/#website\",\"url\":\"https:\/\/gnrambiental.com.br\/noticias\/\",\"name\":\"GNR Ambiental\",\"description\":\"\",\"potentialAction\":[{\"@type\":\"SearchAction\",\"target\":{\"@type\":\"EntryPoint\",\"urlTemplate\":\"https:\/\/gnrambiental.com.br\/noticias\/?s={search_term_string}\"},\"query-input\":{\"@type\":\"PropertyValueSpecification\",\"valueRequired\":true,\"valueName\":\"search_term_string\"}}],\"inLanguage\":\"pt-BR\"},{\"@type\":\"Person\",\"@id\":\"https:\/\/gnrambiental.com.br\/noticias\/#\/schema\/person\/665c9a349aa30972fa8d07edc2ee38af\",\"name\":\"blog_gnr\",\"image\":{\"@type\":\"ImageObject\",\"inLanguage\":\"pt-BR\",\"@id\":\"https:\/\/gnrambiental.com.br\/noticias\/#\/schema\/person\/image\/\",\"url\":\"https:\/\/secure.gravatar.com\/avatar\/e4c10858129539ef55035c1f4f80f9c3?s=96&d=mm&r=g\",\"contentUrl\":\"https:\/\/secure.gravatar.com\/avatar\/e4c10858129539ef55035c1f4f80f9c3?s=96&d=mm&r=g\",\"caption\":\"blog_gnr\"}}]}<\/script>\n<!-- \/ Yoast SEO plugin. -->","yoast_head_json":{"title":"Laudo de Ru\u00eddo em S\u00e3o Paulo: A Import\u00e2ncia da Acredita\u00e7\u00e3o ISO 17025 - GNR Ambiental","robots":{"index":"index","follow":"follow","max-snippet":"max-snippet:-1","max-image-preview":"max-image-preview:large","max-video-preview":"max-video-preview:-1"},"canonical":"https:\/\/gnrambiental.com.br\/noticias\/laudo-de-ruido-em-sao-paulo-a-importancia-da-acreditacao-iso-17025\/","og_locale":"pt_BR","og_type":"article","og_title":"Laudo de Ru\u00eddo em S\u00e3o Paulo: A Import\u00e2ncia da Acredita\u00e7\u00e3o ISO 17025 - GNR Ambiental","og_description":"A cidade de S\u00e3o Paulo possui uma das legisla\u00e7\u00f5es mais rigorosas do pa\u00eds quando o assunto \u00e9 polui\u00e7\u00e3o sonora. Seja para atender \u00e0s exig\u00eancias da Prefeitura (PSIU), da CETESB ou para garantir o conforto da comunidade vizinha, a emiss\u00e3o de um Laudo de Ru\u00eddo preciso \u00e9 um requisito legal indispens\u00e1vel para ind\u00fastrias, com\u00e9rcios e empreendimentos [&hellip;]","og_url":"https:\/\/gnrambiental.com.br\/noticias\/laudo-de-ruido-em-sao-paulo-a-importancia-da-acreditacao-iso-17025\/","og_site_name":"GNR Ambiental","article_published_time":"2026-01-08T14:31:18+00:00","author":"blog_gnr","twitter_card":"summary_large_image","twitter_misc":{"Escrito por":"blog_gnr","Est. tempo de leitura":"3 minutos"},"schema":{"@context":"https:\/\/schema.org","@graph":[{"@type":"WebPage","@id":"https:\/\/gnrambiental.com.br\/noticias\/laudo-de-ruido-em-sao-paulo-a-importancia-da-acreditacao-iso-17025\/","url":"https:\/\/gnrambiental.com.br\/noticias\/laudo-de-ruido-em-sao-paulo-a-importancia-da-acreditacao-iso-17025\/","name":"Laudo de Ru\u00eddo em S\u00e3o Paulo: A Import\u00e2ncia da Acredita\u00e7\u00e3o ISO 17025 - GNR Ambiental","isPartOf":{"@id":"https:\/\/gnrambiental.com.br\/noticias\/#website"},"datePublished":"2026-01-08T14:31:18+00:00","author":{"@id":"https:\/\/gnrambiental.com.br\/noticias\/#\/schema\/person\/665c9a349aa30972fa8d07edc2ee38af"},"breadcrumb":{"@id":"https:\/\/gnrambiental.com.br\/noticias\/laudo-de-ruido-em-sao-paulo-a-importancia-da-acreditacao-iso-17025\/#breadcrumb"},"inLanguage":"pt-BR","potentialAction":[{"@type":"ReadAction","target":["https:\/\/gnrambiental.com.br\/noticias\/laudo-de-ruido-em-sao-paulo-a-importancia-da-acreditacao-iso-17025\/"]}]},{"@type":"BreadcrumbList","@id":"https:\/\/gnrambiental.com.br\/noticias\/laudo-de-ruido-em-sao-paulo-a-importancia-da-acreditacao-iso-17025\/#breadcrumb","itemListElement":[{"@type":"ListItem","position":1,"name":"In\u00edcio","item":"https:\/\/gnrambiental.com.br\/noticias\/"},{"@type":"ListItem","position":2,"name":"Laudo de Ru\u00eddo em S\u00e3o Paulo: A Import\u00e2ncia da Acredita\u00e7\u00e3o ISO 17025"}]},{"@type":"WebSite","@id":"https:\/\/gnrambiental.com.br\/noticias\/#website","url":"https:\/\/gnrambiental.com.br\/noticias\/","name":"GNR Ambiental","description":"","potentialAction":[{"@type":"SearchAction","target":{"@type":"EntryPoint","urlTemplate":"https:\/\/gnrambiental.com.br\/noticias\/?s={search_term_string}"},"query-input":{"@type":"PropertyValueSpecification","valueRequired":true,"valueName":"search_term_string"}}],"inLanguage":"pt-BR"},{"@type":"Person","@id":"https:\/\/gnrambiental.com.br\/noticias\/#\/schema\/person\/665c9a349aa30972fa8d07edc2ee38af","name":"blog_gnr","image":{"@type":"ImageObject","inLanguage":"pt-BR","@id":"https:\/\/gnrambiental.com.br\/noticias\/#\/schema\/person\/image\/","url":"https:\/\/secure.gravatar.com\/avatar\/e4c10858129539ef55035c1f4f80f9c3?s=96&d=mm&r=g","contentUrl":"https:\/\/secure.gravatar.com\/avatar\/e4c10858129539ef55035c1f4f80f9c3?s=96&d=mm&r=g","caption":"blog_gnr"}}]}},"_links":{"self":[{"href":"https:\/\/gnrambiental.com.br\/noticias\/wp-json\/wp\/v2\/posts\/2128"}],"collection":[{"href":"https:\/\/gnrambiental.com.br\/noticias\/wp-json\/wp\/v2\/posts"}],"about":[{"href":"https:\/\/gnrambiental.com.br\/noticias\/wp-json\/wp\/v2\/types\/post"}],"author":[{"embeddable":true,"href":"https:\/\/gnrambiental.com.br\/noticias\/wp-json\/wp\/v2\/users\/1"}],"replies":[{"embeddable":true,"href":"https:\/\/gnrambiental.com.br\/noticias\/wp-json\/wp\/v2\/comments?post=2128"}],"version-history":[{"count":1,"href":"https:\/\/gnrambiental.com.br\/noticias\/wp-json\/wp\/v2\/posts\/2128\/revisions"}],"predecessor-version":[{"id":2129,"href":"https:\/\/gnrambiental.com.br\/noticias\/wp-json\/wp\/v2\/posts\/2128\/revisions\/2129"}],"wp:attachment":[{"href":"https:\/\/gnrambiental.com.br\/noticias\/wp-json\/wp\/v2\/media?parent=2128"}],"wp:term":[{"taxonomy":"category","embeddable":true,"href":"https:\/\/gnrambiental.com.br\/noticias\/wp-json\/wp\/v2\/categories?post=2128"},{"taxonomy":"post_tag","embeddable":true,"href":"https:\/\/gnrambiental.com.br\/noticias\/wp-json\/wp\/v2\/tags?post=2128"}],"curies":[{"name":"wp","href":"https:\/\/api.w.org\/{rel}","templated":true}]}}