{"id":2130,"date":"2026-01-08T11:35:52","date_gmt":"2026-01-08T14:35:52","guid":{"rendered":"https:\/\/gnrambiental.com.br\/noticias\/?p=2130"},"modified":"2026-01-08T11:35:52","modified_gmt":"2026-01-08T14:35:52","slug":"assistente-tecnico-em-pericia-de-ruido-protegendo-seu-negocio-contra-reclamacoes-de-vizinhanca-em-sao-paulo","status":"publish","type":"post","link":"https:\/\/gnrambiental.com.br\/noticias\/assistente-tecnico-em-pericia-de-ruido-protegendo-seu-negocio-contra-reclamacoes-de-vizinhanca-em-sao-paulo\/","title":{"rendered":"Assistente T\u00e9cnico em Per\u00edcia de Ru\u00eddo: Protegendo seu Neg\u00f3cio contra Reclama\u00e7\u00f5es de Vizinhan\u00e7a em S\u00e3o Paulo"},"content":{"rendered":"<p data-path-to-node=\"3\">Em uma metr\u00f3pole como S\u00e3o Paulo, o conflito entre o desenvolvimento de atividades econ\u00f4micas e o direito ao sossego da vizinhan\u00e7a \u00e9 um dos temas mais recorrentes no Judici\u00e1rio e nos \u00f3rg\u00e3os de fiscaliza\u00e7\u00e3o (como o PSIU e a CETESB).<\/p>\n<p data-path-to-node=\"4\">Quando uma reclama\u00e7\u00e3o de vizinhan\u00e7a evolui para uma <b data-path-to-node=\"4\" data-index-in-node=\"52\">a\u00e7\u00e3o judicial<\/b>, a nomea\u00e7\u00e3o de um perito pelo juiz \u00e9 o procedimento padr\u00e3o. No entanto, o que muitos gestores ignoram \u00e9 a import\u00e2ncia vital da figura do <b data-path-to-node=\"4\" data-index-in-node=\"203\">Assistente T\u00e9cnico<\/b>.<\/p>\n<h2 data-path-to-node=\"5\">Por que contratar um Assistente T\u00e9cnico para Per\u00edcias de Ru\u00eddo?<\/h2>\n<p data-path-to-node=\"6\">Diferente do Perito Judicial (que \u00e9 de confian\u00e7a do juiz), o Assistente T\u00e9cnico \u00e9 o profissional de confian\u00e7a da empresa. Sua atua\u00e7\u00e3o \u00e9 fundamental para garantir a paridade de armas no processo.<\/p>\n<ol start=\"1\" data-path-to-node=\"7\">\n<li>\n<p data-path-to-node=\"7,0,0\"><b data-path-to-node=\"7,0,0\" data-index-in-node=\"0\">Acompanhamento da Dilig\u00eancia:<\/b> Garante que as medi\u00e7\u00f5es feitas pelo perito sigam rigorosamente a <b data-path-to-node=\"7,0,0\" data-index-in-node=\"95\">NBR 10.151<\/b>. Qualquer erro na calibra\u00e7\u00e3o do aparelho ou na escolha dos pontos de medi\u00e7\u00e3o pode resultar em um laudo desfavor\u00e1vel.<\/p>\n<\/li>\n<li>\n<p data-path-to-node=\"7,1,0\"><b data-path-to-node=\"7,1,0\" data-index-in-node=\"0\">Parecer T\u00e9cnico Cr\u00edtico:<\/b> Ap\u00f3s a entrega do laudo pericial, o assistente t\u00e9cnico elabora um parecer corroborando ou contestando as conclus\u00f5es, utilizando argumentos cient\u00edficos e normativos.<\/p>\n<\/li>\n<li>\n<p data-path-to-node=\"7,2,0\"><b data-path-to-node=\"7,2,0\" data-index-in-node=\"0\">Elabora\u00e7\u00e3o de Quesitos:<\/b> O assistente formula perguntas t\u00e9cnicas que o perito \u00e9 obrigado a responder, direcionando o foco para fatos que podem ser favor\u00e1veis \u00e0 defesa da empresa.<\/p>\n<\/li>\n<\/ol>\n<hr data-path-to-node=\"8\" \/>\n<h2 data-path-to-node=\"9\">O Diferencial da GNR Ambiental em Per\u00edcias Judiciais<\/h2>\n<p data-path-to-node=\"10\">A <b data-path-to-node=\"10\" data-index-in-node=\"2\">GNR Ambiental<\/b> atua com excel\u00eancia como assistente t\u00e9cnica em S\u00e3o Paulo, unindo conhecimento jur\u00eddico-administrativo \u00e0 expertise em engenharia ac\u00fastica.<\/p>\n<p data-path-to-node=\"11\">Nossa equipe est\u00e1 preparada para lidar com os casos mais complexos de reclama\u00e7\u00f5es de vizinhan\u00e7a, oferecendo:<\/p>\n<ul data-path-to-node=\"12\">\n<li>\n<p data-path-to-node=\"12,0,0\">Realiza\u00e7\u00e3o de pr\u00e9-per\u00edcias para identificar vulnerabilidades.<\/p>\n<\/li>\n<li>\n<p data-path-to-node=\"12,1,0\">Uso de son\u00f4metros de Classe 1, calibrados e acreditados.<\/p>\n<\/li>\n<li>\n<p data-path-to-node=\"12,2,0\">An\u00e1lise detalhada de ru\u00eddo de fundo, essencial para descaracterizar falsas reclama\u00e7\u00f5es.<\/p>\n<\/li>\n<\/ul>\n<p data-path-to-node=\"13\">Para entender como podemos atuar na defesa do seu caso, visite: <a class=\"ng-star-inserted\" href=\"https:\/\/gnrambiental.com.br\/laudo-de-ruido\" target=\"_blank\" rel=\"noopener\">gnrambiental.com.br\/laudo-de-ruido<\/a>.<\/p>\n<hr data-path-to-node=\"14\" \/>\n<h2 data-path-to-node=\"15\">Al\u00e9m do Ru\u00eddo: Gest\u00e3o de Riscos Ocupacionais<\/h2>\n<p data-path-to-node=\"16\">Muitas vezes, uma empresa que enfrenta problemas com ru\u00eddo ambiental tamb\u00e9m possui desafios internos com ru\u00eddo ocupacional e outros riscos laborais.<\/p>\n<p data-path-to-node=\"17\">Se a sua necessidade for o atendimento \u00e0s Normas Regulamentadoras (NRs) ou a defesa em processos trabalhistas, recomendamos a <b data-path-to-node=\"17\" data-index-in-node=\"126\">GRO Gest\u00e3o Ocupacional<\/b>. A GRO \u00e9 refer\u00eancia na elabora\u00e7\u00e3o de <b data-path-to-node=\"17\" data-index-in-node=\"186\">Laudos de Periculosidade<\/b>, fundamentais para garantir que o pagamento de adicionais seja feito apenas quando tecnicamente devido, evitando passivos trabalhistas.<\/p>\n<blockquote data-path-to-node=\"18\">\n<p data-path-to-node=\"18,0\">Saiba mais sobre a GRO: <a class=\"ng-star-inserted\" href=\"https:\/\/grogestaoocupacional.com.br\/\" target=\"_blank\" rel=\"noopener\">grogestaoocupacional.com.br<\/a><\/p>\n<\/blockquote>\n<hr data-path-to-node=\"19\" \/>\n<h2 data-path-to-node=\"20\">Fale com a GNR Ambiental<\/h2>\n<p data-path-to-node=\"21\">Seja para uma defesa t\u00e9cnica em per\u00edcia ou para a elabora\u00e7\u00e3o de um laudo preventivo de ru\u00eddo em S\u00e3o Paulo, conte com a nossa experi\u00eancia.<\/p>\n<ul data-path-to-node=\"22\">\n<li>\n<p data-path-to-node=\"22,0,0\"><b data-path-to-node=\"22,0,0\" data-index-in-node=\"0\">Telefone Fixo:<\/b> \ud83d\udcde (11) 2374-1201<\/p>\n<\/li>\n<li>\n<p data-path-to-node=\"22,1,0\"><b data-path-to-node=\"22,1,0\" data-index-in-node=\"0\">WhatsApp:<\/b> \ud83d\udcf1 (11) 97285-9101 | \ud83d\udcf1 (11) 95277-2125<\/p>\n<\/li>\n<li>\n<p data-path-to-node=\"22,2,0\"><b data-path-to-node=\"22,2,0\" data-index-in-node=\"0\">E-mail:<\/b> <a class=\"ng-star-inserted\" href=\"mailto:comercial2@gnrambiental.com.br\" target=\"_blank\" rel=\"noopener\">comercial2@gnrambiental.com.br<\/a><\/p>\n<\/li>\n<li>\n<p data-path-to-node=\"22,3,0\"><b data-path-to-node=\"22,3,0\" data-index-in-node=\"0\">Site Oficial:<\/b> \ud83c\udf10 <a class=\"ng-star-inserted\" href=\"https:\/\/gnrambiental.com.br\" target=\"_blank\" rel=\"noopener\">gnrambiental.com.br<\/a><\/p>\n<\/li>\n<\/ul>\n","protected":false},"excerpt":{"rendered":"<p>Em uma metr\u00f3pole como S\u00e3o Paulo, o conflito entre o desenvolvimento de atividades econ\u00f4micas e o direito ao sossego da vizinhan\u00e7a \u00e9 um dos temas mais recorrentes no Judici\u00e1rio e nos \u00f3rg\u00e3os de fiscaliza\u00e7\u00e3o (como o PSIU e a CETESB). Quando uma reclama\u00e7\u00e3o de vizinhan\u00e7a evolui para uma a\u00e7\u00e3o judicial, a nomea\u00e7\u00e3o de um perito [&hellip;]<\/p>\n","protected":false},"author":1,"featured_media":0,"comment_status":"open","ping_status":"open","sticky":false,"template":"","format":"standard","meta":{"_et_pb_use_builder":"","_et_pb_old_content":"","_et_gb_content_width":"","_joinchat":[],"footnotes":""},"categories":[1],"tags":[],"class_list":["post-2130","post","type-post","status-publish","format-standard","hentry","category-sem-categoria"],"yoast_head":"<!-- This site is optimized with the Yoast SEO plugin v24.6 - https:\/\/yoast.com\/wordpress\/plugins\/seo\/ -->\n<title>Assistente T\u00e9cnico em Per\u00edcia de Ru\u00eddo: Protegendo seu Neg\u00f3cio contra Reclama\u00e7\u00f5es de Vizinhan\u00e7a em S\u00e3o Paulo - GNR Ambiental<\/title>\n<meta name=\"robots\" content=\"index, follow, max-snippet:-1, max-image-preview:large, max-video-preview:-1\" \/>\n<link rel=\"canonical\" href=\"https:\/\/gnrambiental.com.br\/noticias\/assistente-tecnico-em-pericia-de-ruido-protegendo-seu-negocio-contra-reclamacoes-de-vizinhanca-em-sao-paulo\/\" \/>\n<meta property=\"og:locale\" content=\"pt_BR\" \/>\n<meta property=\"og:type\" content=\"article\" \/>\n<meta property=\"og:title\" content=\"Assistente T\u00e9cnico em Per\u00edcia de Ru\u00eddo: Protegendo seu Neg\u00f3cio contra Reclama\u00e7\u00f5es de Vizinhan\u00e7a em S\u00e3o Paulo - GNR Ambiental\" \/>\n<meta property=\"og:description\" content=\"Em uma metr\u00f3pole como S\u00e3o Paulo, o conflito entre o desenvolvimento de atividades econ\u00f4micas e o direito ao sossego da vizinhan\u00e7a \u00e9 um dos temas mais recorrentes no Judici\u00e1rio e nos \u00f3rg\u00e3os de fiscaliza\u00e7\u00e3o (como o PSIU e a CETESB). Quando uma reclama\u00e7\u00e3o de vizinhan\u00e7a evolui para uma a\u00e7\u00e3o judicial, a nomea\u00e7\u00e3o de um perito [&hellip;]\" \/>\n<meta property=\"og:url\" content=\"https:\/\/gnrambiental.com.br\/noticias\/assistente-tecnico-em-pericia-de-ruido-protegendo-seu-negocio-contra-reclamacoes-de-vizinhanca-em-sao-paulo\/\" \/>\n<meta property=\"og:site_name\" content=\"GNR Ambiental\" \/>\n<meta property=\"article:published_time\" content=\"2026-01-08T14:35:52+00:00\" \/>\n<meta name=\"author\" content=\"blog_gnr\" \/>\n<meta name=\"twitter:card\" content=\"summary_large_image\" \/>\n<meta name=\"twitter:label1\" content=\"Escrito por\" \/>\n\t<meta name=\"twitter:data1\" content=\"blog_gnr\" \/>\n\t<meta name=\"twitter:label2\" content=\"Est. tempo de leitura\" \/>\n\t<meta name=\"twitter:data2\" content=\"3 minutos\" \/>\n<script type=\"application\/ld+json\" class=\"yoast-schema-graph\">{\"@context\":\"https:\/\/schema.org\",\"@graph\":[{\"@type\":\"WebPage\",\"@id\":\"https:\/\/gnrambiental.com.br\/noticias\/assistente-tecnico-em-pericia-de-ruido-protegendo-seu-negocio-contra-reclamacoes-de-vizinhanca-em-sao-paulo\/\",\"url\":\"https:\/\/gnrambiental.com.br\/noticias\/assistente-tecnico-em-pericia-de-ruido-protegendo-seu-negocio-contra-reclamacoes-de-vizinhanca-em-sao-paulo\/\",\"name\":\"Assistente T\u00e9cnico em Per\u00edcia de Ru\u00eddo: Protegendo seu Neg\u00f3cio contra Reclama\u00e7\u00f5es de Vizinhan\u00e7a em S\u00e3o Paulo - GNR Ambiental\",\"isPartOf\":{\"@id\":\"https:\/\/gnrambiental.com.br\/noticias\/#website\"},\"datePublished\":\"2026-01-08T14:35:52+00:00\",\"author\":{\"@id\":\"https:\/\/gnrambiental.com.br\/noticias\/#\/schema\/person\/665c9a349aa30972fa8d07edc2ee38af\"},\"breadcrumb\":{\"@id\":\"https:\/\/gnrambiental.com.br\/noticias\/assistente-tecnico-em-pericia-de-ruido-protegendo-seu-negocio-contra-reclamacoes-de-vizinhanca-em-sao-paulo\/#breadcrumb\"},\"inLanguage\":\"pt-BR\",\"potentialAction\":[{\"@type\":\"ReadAction\",\"target\":[\"https:\/\/gnrambiental.com.br\/noticias\/assistente-tecnico-em-pericia-de-ruido-protegendo-seu-negocio-contra-reclamacoes-de-vizinhanca-em-sao-paulo\/\"]}]},{\"@type\":\"BreadcrumbList\",\"@id\":\"https:\/\/gnrambiental.com.br\/noticias\/assistente-tecnico-em-pericia-de-ruido-protegendo-seu-negocio-contra-reclamacoes-de-vizinhanca-em-sao-paulo\/#breadcrumb\",\"itemListElement\":[{\"@type\":\"ListItem\",\"position\":1,\"name\":\"In\u00edcio\",\"item\":\"https:\/\/gnrambiental.com.br\/noticias\/\"},{\"@type\":\"ListItem\",\"position\":2,\"name\":\"Assistente T\u00e9cnico em Per\u00edcia de Ru\u00eddo: Protegendo seu Neg\u00f3cio contra Reclama\u00e7\u00f5es de Vizinhan\u00e7a em S\u00e3o Paulo\"}]},{\"@type\":\"WebSite\",\"@id\":\"https:\/\/gnrambiental.com.br\/noticias\/#website\",\"url\":\"https:\/\/gnrambiental.com.br\/noticias\/\",\"name\":\"GNR Ambiental\",\"description\":\"\",\"potentialAction\":[{\"@type\":\"SearchAction\",\"target\":{\"@type\":\"EntryPoint\",\"urlTemplate\":\"https:\/\/gnrambiental.com.br\/noticias\/?s={search_term_string}\"},\"query-input\":{\"@type\":\"PropertyValueSpecification\",\"valueRequired\":true,\"valueName\":\"search_term_string\"}}],\"inLanguage\":\"pt-BR\"},{\"@type\":\"Person\",\"@id\":\"https:\/\/gnrambiental.com.br\/noticias\/#\/schema\/person\/665c9a349aa30972fa8d07edc2ee38af\",\"name\":\"blog_gnr\",\"image\":{\"@type\":\"ImageObject\",\"inLanguage\":\"pt-BR\",\"@id\":\"https:\/\/gnrambiental.com.br\/noticias\/#\/schema\/person\/image\/\",\"url\":\"https:\/\/secure.gravatar.com\/avatar\/e4c10858129539ef55035c1f4f80f9c3?s=96&d=mm&r=g\",\"contentUrl\":\"https:\/\/secure.gravatar.com\/avatar\/e4c10858129539ef55035c1f4f80f9c3?s=96&d=mm&r=g\",\"caption\":\"blog_gnr\"}}]}<\/script>\n<!-- \/ Yoast SEO plugin. -->","yoast_head_json":{"title":"Assistente T\u00e9cnico em Per\u00edcia de Ru\u00eddo: Protegendo seu Neg\u00f3cio contra Reclama\u00e7\u00f5es de Vizinhan\u00e7a em S\u00e3o Paulo - GNR Ambiental","robots":{"index":"index","follow":"follow","max-snippet":"max-snippet:-1","max-image-preview":"max-image-preview:large","max-video-preview":"max-video-preview:-1"},"canonical":"https:\/\/gnrambiental.com.br\/noticias\/assistente-tecnico-em-pericia-de-ruido-protegendo-seu-negocio-contra-reclamacoes-de-vizinhanca-em-sao-paulo\/","og_locale":"pt_BR","og_type":"article","og_title":"Assistente T\u00e9cnico em Per\u00edcia de Ru\u00eddo: Protegendo seu Neg\u00f3cio contra Reclama\u00e7\u00f5es de Vizinhan\u00e7a em S\u00e3o Paulo - GNR Ambiental","og_description":"Em uma metr\u00f3pole como S\u00e3o Paulo, o conflito entre o desenvolvimento de atividades econ\u00f4micas e o direito ao sossego da vizinhan\u00e7a \u00e9 um dos temas mais recorrentes no Judici\u00e1rio e nos \u00f3rg\u00e3os de fiscaliza\u00e7\u00e3o (como o PSIU e a CETESB). Quando uma reclama\u00e7\u00e3o de vizinhan\u00e7a evolui para uma a\u00e7\u00e3o judicial, a nomea\u00e7\u00e3o de um perito [&hellip;]","og_url":"https:\/\/gnrambiental.com.br\/noticias\/assistente-tecnico-em-pericia-de-ruido-protegendo-seu-negocio-contra-reclamacoes-de-vizinhanca-em-sao-paulo\/","og_site_name":"GNR Ambiental","article_published_time":"2026-01-08T14:35:52+00:00","author":"blog_gnr","twitter_card":"summary_large_image","twitter_misc":{"Escrito por":"blog_gnr","Est. tempo de leitura":"3 minutos"},"schema":{"@context":"https:\/\/schema.org","@graph":[{"@type":"WebPage","@id":"https:\/\/gnrambiental.com.br\/noticias\/assistente-tecnico-em-pericia-de-ruido-protegendo-seu-negocio-contra-reclamacoes-de-vizinhanca-em-sao-paulo\/","url":"https:\/\/gnrambiental.com.br\/noticias\/assistente-tecnico-em-pericia-de-ruido-protegendo-seu-negocio-contra-reclamacoes-de-vizinhanca-em-sao-paulo\/","name":"Assistente T\u00e9cnico em Per\u00edcia de Ru\u00eddo: Protegendo seu Neg\u00f3cio contra Reclama\u00e7\u00f5es de Vizinhan\u00e7a em S\u00e3o Paulo - GNR Ambiental","isPartOf":{"@id":"https:\/\/gnrambiental.com.br\/noticias\/#website"},"datePublished":"2026-01-08T14:35:52+00:00","author":{"@id":"https:\/\/gnrambiental.com.br\/noticias\/#\/schema\/person\/665c9a349aa30972fa8d07edc2ee38af"},"breadcrumb":{"@id":"https:\/\/gnrambiental.com.br\/noticias\/assistente-tecnico-em-pericia-de-ruido-protegendo-seu-negocio-contra-reclamacoes-de-vizinhanca-em-sao-paulo\/#breadcrumb"},"inLanguage":"pt-BR","potentialAction":[{"@type":"ReadAction","target":["https:\/\/gnrambiental.com.br\/noticias\/assistente-tecnico-em-pericia-de-ruido-protegendo-seu-negocio-contra-reclamacoes-de-vizinhanca-em-sao-paulo\/"]}]},{"@type":"BreadcrumbList","@id":"https:\/\/gnrambiental.com.br\/noticias\/assistente-tecnico-em-pericia-de-ruido-protegendo-seu-negocio-contra-reclamacoes-de-vizinhanca-em-sao-paulo\/#breadcrumb","itemListElement":[{"@type":"ListItem","position":1,"name":"In\u00edcio","item":"https:\/\/gnrambiental.com.br\/noticias\/"},{"@type":"ListItem","position":2,"name":"Assistente T\u00e9cnico em Per\u00edcia de Ru\u00eddo: Protegendo seu Neg\u00f3cio contra Reclama\u00e7\u00f5es de Vizinhan\u00e7a em S\u00e3o Paulo"}]},{"@type":"WebSite","@id":"https:\/\/gnrambiental.com.br\/noticias\/#website","url":"https:\/\/gnrambiental.com.br\/noticias\/","name":"GNR Ambiental","description":"","potentialAction":[{"@type":"SearchAction","target":{"@type":"EntryPoint","urlTemplate":"https:\/\/gnrambiental.com.br\/noticias\/?s={search_term_string}"},"query-input":{"@type":"PropertyValueSpecification","valueRequired":true,"valueName":"search_term_string"}}],"inLanguage":"pt-BR"},{"@type":"Person","@id":"https:\/\/gnrambiental.com.br\/noticias\/#\/schema\/person\/665c9a349aa30972fa8d07edc2ee38af","name":"blog_gnr","image":{"@type":"ImageObject","inLanguage":"pt-BR","@id":"https:\/\/gnrambiental.com.br\/noticias\/#\/schema\/person\/image\/","url":"https:\/\/secure.gravatar.com\/avatar\/e4c10858129539ef55035c1f4f80f9c3?s=96&d=mm&r=g","contentUrl":"https:\/\/secure.gravatar.com\/avatar\/e4c10858129539ef55035c1f4f80f9c3?s=96&d=mm&r=g","caption":"blog_gnr"}}]}},"_links":{"self":[{"href":"https:\/\/gnrambiental.com.br\/noticias\/wp-json\/wp\/v2\/posts\/2130"}],"collection":[{"href":"https:\/\/gnrambiental.com.br\/noticias\/wp-json\/wp\/v2\/posts"}],"about":[{"href":"https:\/\/gnrambiental.com.br\/noticias\/wp-json\/wp\/v2\/types\/post"}],"author":[{"embeddable":true,"href":"https:\/\/gnrambiental.com.br\/noticias\/wp-json\/wp\/v2\/users\/1"}],"replies":[{"embeddable":true,"href":"https:\/\/gnrambiental.com.br\/noticias\/wp-json\/wp\/v2\/comments?post=2130"}],"version-history":[{"count":1,"href":"https:\/\/gnrambiental.com.br\/noticias\/wp-json\/wp\/v2\/posts\/2130\/revisions"}],"predecessor-version":[{"id":2131,"href":"https:\/\/gnrambiental.com.br\/noticias\/wp-json\/wp\/v2\/posts\/2130\/revisions\/2131"}],"wp:attachment":[{"href":"https:\/\/gnrambiental.com.br\/noticias\/wp-json\/wp\/v2\/media?parent=2130"}],"wp:term":[{"taxonomy":"category","embeddable":true,"href":"https:\/\/gnrambiental.com.br\/noticias\/wp-json\/wp\/v2\/categories?post=2130"},{"taxonomy":"post_tag","embeddable":true,"href":"https:\/\/gnrambiental.com.br\/noticias\/wp-json\/wp\/v2\/tags?post=2130"}],"curies":[{"name":"wp","href":"https:\/\/api.w.org\/{rel}","templated":true}]}}