{"id":2152,"date":"2026-01-20T10:36:27","date_gmt":"2026-01-20T13:36:27","guid":{"rendered":"https:\/\/gnrambiental.com.br\/noticias\/?p=2152"},"modified":"2026-01-20T10:36:27","modified_gmt":"2026-01-20T13:36:27","slug":"%f0%9f%9a%a8-vaga-aberta-estagio-em-meio-ambiente-e-seguranca-do-trabalho-%f0%9f%9a%a8","status":"publish","type":"post","link":"https:\/\/gnrambiental.com.br\/noticias\/%f0%9f%9a%a8-vaga-aberta-estagio-em-meio-ambiente-e-seguranca-do-trabalho-%f0%9f%9a%a8\/","title":{"rendered":"\ud83d\udea8 VAGA ABERTA | EST\u00c1GIO EM MEIO AMBIENTE E SEGURAN\u00c7A DO TRABALHO \ud83d\udea8"},"content":{"rendered":"<p data-start=\"76\" data-end=\"199\">A <strong data-start=\"78\" data-end=\"119\"><span class=\"hover:entity-accent entity-underline inline cursor-pointer align-baseline\"><span class=\"whitespace-normal\">GNR Ambiental<\/span><\/span><\/strong> est\u00e1 com <strong data-start=\"129\" data-end=\"198\">vaga aberta para Est\u00e1gio em Meio Ambiente e Seguran\u00e7a do Trabalho<\/strong>.<\/p>\n<p data-start=\"201\" data-end=\"305\">\ud83d\udccc <strong data-start=\"204\" data-end=\"219\">Importante:<\/strong><br data-start=\"219\" data-end=\"222\" \/>\ud83d\udc49 A vaga est\u00e1 <strong data-start=\"237\" data-end=\"275\">publicada exclusivamente na RHuvia<\/strong><br data-start=\"275\" data-end=\"278\" \/>\ud83c\udf10 <a class=\"decorated-link\" href=\"https:\/\/rhuvia.com.br\/\" target=\"_new\" rel=\"noopener\" data-start=\"281\" data-end=\"303\">https:\/\/rhuvia.com.br\/<\/a><\/p>\n<p data-start=\"307\" data-end=\"389\">Todo o <strong data-start=\"314\" data-end=\"388\">processo de recrutamento e sele\u00e7\u00e3o ser\u00e1 realizado 100% pela plataforma<\/strong>.<\/p>\n<p data-start=\"307\" data-end=\"389\"><img loading=\"lazy\" decoding=\"async\" class=\"alignnone size-large wp-image-2148\" src=\"https:\/\/gnrambiental.com.br\/noticias\/wp-content\/uploads\/2026\/01\/2-1-1024x281.png\" alt=\"Rhuvia recrutamento com IA\" width=\"1024\" height=\"281\" srcset=\"https:\/\/gnrambiental.com.br\/noticias\/wp-content\/uploads\/2026\/01\/2-1-1024x281.png 1024w, https:\/\/gnrambiental.com.br\/noticias\/wp-content\/uploads\/2026\/01\/2-1-980x269.png 980w, https:\/\/gnrambiental.com.br\/noticias\/wp-content\/uploads\/2026\/01\/2-1-480x132.png 480w\" sizes=\"(min-width: 0px) and (max-width: 480px) 480px, (min-width: 481px) and (max-width: 980px) 980px, (min-width: 981px) 1024px, 100vw\" \/><\/p>\n<h2 data-start=\"391\" data-end=\"430\">Como participar do processo seletivo<\/h2>\n<p data-start=\"431\" data-end=\"471\">Para se candidatar, o(a) estudante deve:<\/p>\n<p data-start=\"473\" data-end=\"640\">1\ufe0f\u20e3 Acessar a <strong data-start=\"487\" data-end=\"528\"><span class=\"hover:entity-accent entity-underline inline cursor-pointer align-baseline\"><span class=\"whitespace-normal\">RHuvia<\/span><\/span><\/strong><br data-start=\"528\" data-end=\"531\" \/>2\ufe0f\u20e3 Criar seu <strong data-start=\"545\" data-end=\"557\">cadastro<\/strong><br data-start=\"557\" data-end=\"560\" \/>3\ufe0f\u20e3 Montar seu <strong data-start=\"575\" data-end=\"610\">perfil profissional (curr\u00edculo)<\/strong><br data-start=\"610\" data-end=\"613\" \/>4\ufe0f\u20e3 Preencher corretamente:<\/p>\n<ul data-start=\"641\" data-end=\"744\">\n<li data-start=\"641\" data-end=\"659\">\n<p data-start=\"643\" data-end=\"659\">Dados pessoais<\/p>\n<\/li>\n<li data-start=\"660\" data-end=\"704\">\n<p data-start=\"662\" data-end=\"704\">Experi\u00eancia (mesmo acad\u00eamica ou est\u00e1gio)<\/p>\n<\/li>\n<li data-start=\"705\" data-end=\"717\">\n<p data-start=\"707\" data-end=\"717\">Educa\u00e7\u00e3o<\/p>\n<\/li>\n<li data-start=\"718\" data-end=\"744\">\n<p data-start=\"720\" data-end=\"744\">Skills e certifica\u00e7\u00f5es<\/p>\n<\/li>\n<\/ul>\n<p data-start=\"746\" data-end=\"782\">5\ufe0f\u20e3 Realizar os testes obrigat\u00f3rios:<\/p>\n<ul data-start=\"783\" data-end=\"851\">\n<li data-start=\"783\" data-end=\"803\">\n<p data-start=\"785\" data-end=\"803\">\u2705 <strong data-start=\"787\" data-end=\"801\">Teste DISC<\/strong><\/p>\n<\/li>\n<li data-start=\"804\" data-end=\"824\">\n<p data-start=\"806\" data-end=\"824\">\u2705 <strong data-start=\"808\" data-end=\"822\">Teste MBTI<\/strong><\/p>\n<\/li>\n<li data-start=\"825\" data-end=\"851\">\n<p data-start=\"827\" data-end=\"851\">\u2705 <strong data-start=\"829\" data-end=\"849\">Teste Vocacional<\/strong><\/p>\n<\/li>\n<\/ul>\n<p data-start=\"853\" data-end=\"934\">6\ufe0f\u20e3 Ap\u00f3s concluir as etapas, <strong data-start=\"882\" data-end=\"934\">candidatar-se \u00e0 vaga de est\u00e1gio da GNR Ambiental<\/strong><\/p>\n<h2 data-start=\"936\" data-end=\"980\">Por que a GNR Ambiental utiliza a RHuvia?<\/h2>\n<p data-start=\"981\" data-end=\"1230\">Porque acreditamos que <strong data-start=\"1004\" data-end=\"1066\">curr\u00edculo sozinho n\u00e3o mostra o potencial real do candidato<\/strong>.<br data-start=\"1067\" data-end=\"1070\" \/>A RHuvia permite uma avalia\u00e7\u00e3o mais justa, t\u00e9cnica e alinhada ao perfil profissional e comportamental esperado para a \u00e1rea ambiental e de seguran\u00e7a do trabalho.<\/p>\n<p data-start=\"1232\" data-end=\"1360\">\ud83d\udce2 <strong data-start=\"1235\" data-end=\"1287\">N\u00e3o recebemos curr\u00edculos por e-mail ou WhatsApp.<\/strong><br data-start=\"1287\" data-end=\"1290\" \/>Todas as candidaturas devem ser feitas <strong data-start=\"1329\" data-end=\"1359\">exclusivamente pela RHuvia<\/strong>.<\/p>\n<p data-start=\"1362\" data-end=\"1477\" data-is-last-node=\"\" data-is-only-node=\"\">\ud83d\udc49 <strong data-start=\"1365\" data-end=\"1382\">Acesse agora:<\/strong> <a class=\"decorated-link\" href=\"https:\/\/rhuvia.com.br\/\" target=\"_new\" rel=\"noopener\" data-start=\"1383\" data-end=\"1405\">https:\/\/rhuvia.com.br\/<\/a><br data-start=\"1405\" data-end=\"1408\" \/>Construa seu perfil, fa\u00e7a os testes e participe do processo seletivo.<\/p>\n<p data-start=\"1362\" data-end=\"1477\" data-is-last-node=\"\" data-is-only-node=\"\"><img loading=\"lazy\" decoding=\"async\" class=\"alignnone size-large wp-image-2149\" src=\"https:\/\/gnrambiental.com.br\/noticias\/wp-content\/uploads\/2026\/01\/4-1-e1768915462693-1024x486.png\" alt=\"Rhuvia recrutamento com IA\" width=\"1024\" height=\"486\" srcset=\"https:\/\/gnrambiental.com.br\/noticias\/wp-content\/uploads\/2026\/01\/4-1-e1768915462693-980x551.png 980w, https:\/\/gnrambiental.com.br\/noticias\/wp-content\/uploads\/2026\/01\/4-1-e1768915462693-480x270.png 480w\" sizes=\"(min-width: 0px) and (max-width: 480px) 480px, (min-width: 481px) and (max-width: 980px) 980px, (min-width: 981px) 1024px, 100vw\" \/><\/p>\n","protected":false},"excerpt":{"rendered":"<p>A GNR Ambiental est\u00e1 com vaga aberta para Est\u00e1gio em Meio Ambiente e Seguran\u00e7a do Trabalho. \ud83d\udccc Importante:\ud83d\udc49 A vaga est\u00e1 publicada exclusivamente na RHuvia\ud83c\udf10 https:\/\/rhuvia.com.br\/ Todo o processo de recrutamento e sele\u00e7\u00e3o ser\u00e1 realizado 100% pela plataforma. Como participar do processo seletivo Para se candidatar, o(a) estudante deve: 1\ufe0f\u20e3 Acessar a RHuvia2\ufe0f\u20e3 Criar seu [&hellip;]<\/p>\n","protected":false},"author":1,"featured_media":0,"comment_status":"open","ping_status":"open","sticky":false,"template":"","format":"standard","meta":{"_et_pb_use_builder":"","_et_pb_old_content":"","_et_gb_content_width":"","_joinchat":[],"footnotes":""},"categories":[1],"tags":[],"class_list":["post-2152","post","type-post","status-publish","format-standard","hentry","category-sem-categoria"],"yoast_head":"<!-- This site is optimized with the Yoast SEO plugin v24.6 - https:\/\/yoast.com\/wordpress\/plugins\/seo\/ -->\n<title>\ud83d\udea8 VAGA ABERTA | EST\u00c1GIO EM MEIO AMBIENTE E SEGURAN\u00c7A DO TRABALHO \ud83d\udea8 - GNR Ambiental<\/title>\n<meta name=\"robots\" content=\"index, follow, max-snippet:-1, max-image-preview:large, max-video-preview:-1\" \/>\n<link rel=\"canonical\" href=\"https:\/\/gnrambiental.com.br\/noticias\/\ud83d\udea8-vaga-aberta-estagio-em-meio-ambiente-e-seguranca-do-trabalho-\ud83d\udea8\/\" \/>\n<meta property=\"og:locale\" content=\"pt_BR\" \/>\n<meta property=\"og:type\" content=\"article\" \/>\n<meta property=\"og:title\" content=\"\ud83d\udea8 VAGA ABERTA | EST\u00c1GIO EM MEIO AMBIENTE E SEGURAN\u00c7A DO TRABALHO \ud83d\udea8 - GNR Ambiental\" \/>\n<meta property=\"og:description\" content=\"A GNR Ambiental est\u00e1 com vaga aberta para Est\u00e1gio em Meio Ambiente e Seguran\u00e7a do Trabalho. \ud83d\udccc Importante:\ud83d\udc49 A vaga est\u00e1 publicada exclusivamente na RHuvia\ud83c\udf10 https:\/\/rhuvia.com.br\/ Todo o processo de recrutamento e sele\u00e7\u00e3o ser\u00e1 realizado 100% pela plataforma. Como participar do processo seletivo Para se candidatar, o(a) estudante deve: 1\ufe0f\u20e3 Acessar a RHuvia2\ufe0f\u20e3 Criar seu [&hellip;]\" \/>\n<meta property=\"og:url\" content=\"https:\/\/gnrambiental.com.br\/noticias\/\ud83d\udea8-vaga-aberta-estagio-em-meio-ambiente-e-seguranca-do-trabalho-\ud83d\udea8\/\" \/>\n<meta property=\"og:site_name\" content=\"GNR Ambiental\" \/>\n<meta property=\"article:published_time\" content=\"2026-01-20T13:36:27+00:00\" \/>\n<meta property=\"og:image\" content=\"https:\/\/gnrambiental.com.br\/noticias\/wp-content\/uploads\/2026\/01\/2-1-1024x281.png\" \/>\n<meta name=\"author\" content=\"blog_gnr\" \/>\n<meta name=\"twitter:card\" content=\"summary_large_image\" \/>\n<meta name=\"twitter:label1\" content=\"Escrito por\" \/>\n\t<meta name=\"twitter:data1\" content=\"blog_gnr\" \/>\n\t<meta name=\"twitter:label2\" content=\"Est. tempo de leitura\" \/>\n\t<meta name=\"twitter:data2\" content=\"2 minutos\" \/>\n<script type=\"application\/ld+json\" class=\"yoast-schema-graph\">{\"@context\":\"https:\/\/schema.org\",\"@graph\":[{\"@type\":\"WebPage\",\"@id\":\"https:\/\/gnrambiental.com.br\/noticias\/%f0%9f%9a%a8-vaga-aberta-estagio-em-meio-ambiente-e-seguranca-do-trabalho-%f0%9f%9a%a8\/\",\"url\":\"https:\/\/gnrambiental.com.br\/noticias\/%f0%9f%9a%a8-vaga-aberta-estagio-em-meio-ambiente-e-seguranca-do-trabalho-%f0%9f%9a%a8\/\",\"name\":\"\ud83d\udea8 VAGA ABERTA | EST\u00c1GIO EM MEIO AMBIENTE E SEGURAN\u00c7A DO TRABALHO \ud83d\udea8 - GNR Ambiental\",\"isPartOf\":{\"@id\":\"https:\/\/gnrambiental.com.br\/noticias\/#website\"},\"primaryImageOfPage\":{\"@id\":\"https:\/\/gnrambiental.com.br\/noticias\/%f0%9f%9a%a8-vaga-aberta-estagio-em-meio-ambiente-e-seguranca-do-trabalho-%f0%9f%9a%a8\/#primaryimage\"},\"image\":{\"@id\":\"https:\/\/gnrambiental.com.br\/noticias\/%f0%9f%9a%a8-vaga-aberta-estagio-em-meio-ambiente-e-seguranca-do-trabalho-%f0%9f%9a%a8\/#primaryimage\"},\"thumbnailUrl\":\"https:\/\/gnrambiental.com.br\/noticias\/wp-content\/uploads\/2026\/01\/2-1-1024x281.png\",\"datePublished\":\"2026-01-20T13:36:27+00:00\",\"author\":{\"@id\":\"https:\/\/gnrambiental.com.br\/noticias\/#\/schema\/person\/665c9a349aa30972fa8d07edc2ee38af\"},\"breadcrumb\":{\"@id\":\"https:\/\/gnrambiental.com.br\/noticias\/%f0%9f%9a%a8-vaga-aberta-estagio-em-meio-ambiente-e-seguranca-do-trabalho-%f0%9f%9a%a8\/#breadcrumb\"},\"inLanguage\":\"pt-BR\",\"potentialAction\":[{\"@type\":\"ReadAction\",\"target\":[\"https:\/\/gnrambiental.com.br\/noticias\/%f0%9f%9a%a8-vaga-aberta-estagio-em-meio-ambiente-e-seguranca-do-trabalho-%f0%9f%9a%a8\/\"]}]},{\"@type\":\"ImageObject\",\"inLanguage\":\"pt-BR\",\"@id\":\"https:\/\/gnrambiental.com.br\/noticias\/%f0%9f%9a%a8-vaga-aberta-estagio-em-meio-ambiente-e-seguranca-do-trabalho-%f0%9f%9a%a8\/#primaryimage\",\"url\":\"https:\/\/gnrambiental.com.br\/noticias\/wp-content\/uploads\/2026\/01\/2-1.png\",\"contentUrl\":\"https:\/\/gnrambiental.com.br\/noticias\/wp-content\/uploads\/2026\/01\/2-1.png\",\"width\":1225,\"height\":336,\"caption\":\"Rhuvia recrutamento com IA\"},{\"@type\":\"BreadcrumbList\",\"@id\":\"https:\/\/gnrambiental.com.br\/noticias\/%f0%9f%9a%a8-vaga-aberta-estagio-em-meio-ambiente-e-seguranca-do-trabalho-%f0%9f%9a%a8\/#breadcrumb\",\"itemListElement\":[{\"@type\":\"ListItem\",\"position\":1,\"name\":\"In\u00edcio\",\"item\":\"https:\/\/gnrambiental.com.br\/noticias\/\"},{\"@type\":\"ListItem\",\"position\":2,\"name\":\"\ud83d\udea8 VAGA ABERTA | EST\u00c1GIO EM MEIO AMBIENTE E SEGURAN\u00c7A DO TRABALHO \ud83d\udea8\"}]},{\"@type\":\"WebSite\",\"@id\":\"https:\/\/gnrambiental.com.br\/noticias\/#website\",\"url\":\"https:\/\/gnrambiental.com.br\/noticias\/\",\"name\":\"GNR Ambiental\",\"description\":\"\",\"potentialAction\":[{\"@type\":\"SearchAction\",\"target\":{\"@type\":\"EntryPoint\",\"urlTemplate\":\"https:\/\/gnrambiental.com.br\/noticias\/?s={search_term_string}\"},\"query-input\":{\"@type\":\"PropertyValueSpecification\",\"valueRequired\":true,\"valueName\":\"search_term_string\"}}],\"inLanguage\":\"pt-BR\"},{\"@type\":\"Person\",\"@id\":\"https:\/\/gnrambiental.com.br\/noticias\/#\/schema\/person\/665c9a349aa30972fa8d07edc2ee38af\",\"name\":\"blog_gnr\",\"image\":{\"@type\":\"ImageObject\",\"inLanguage\":\"pt-BR\",\"@id\":\"https:\/\/gnrambiental.com.br\/noticias\/#\/schema\/person\/image\/\",\"url\":\"https:\/\/secure.gravatar.com\/avatar\/e4c10858129539ef55035c1f4f80f9c3?s=96&d=mm&r=g\",\"contentUrl\":\"https:\/\/secure.gravatar.com\/avatar\/e4c10858129539ef55035c1f4f80f9c3?s=96&d=mm&r=g\",\"caption\":\"blog_gnr\"}}]}<\/script>\n<!-- \/ Yoast SEO plugin. -->","yoast_head_json":{"title":"\ud83d\udea8 VAGA ABERTA | EST\u00c1GIO EM MEIO AMBIENTE E SEGURAN\u00c7A DO TRABALHO \ud83d\udea8 - GNR Ambiental","robots":{"index":"index","follow":"follow","max-snippet":"max-snippet:-1","max-image-preview":"max-image-preview:large","max-video-preview":"max-video-preview:-1"},"canonical":"https:\/\/gnrambiental.com.br\/noticias\/\ud83d\udea8-vaga-aberta-estagio-em-meio-ambiente-e-seguranca-do-trabalho-\ud83d\udea8\/","og_locale":"pt_BR","og_type":"article","og_title":"\ud83d\udea8 VAGA ABERTA | EST\u00c1GIO EM MEIO AMBIENTE E SEGURAN\u00c7A DO TRABALHO \ud83d\udea8 - GNR Ambiental","og_description":"A GNR Ambiental est\u00e1 com vaga aberta para Est\u00e1gio em Meio Ambiente e Seguran\u00e7a do Trabalho. \ud83d\udccc Importante:\ud83d\udc49 A vaga est\u00e1 publicada exclusivamente na RHuvia\ud83c\udf10 https:\/\/rhuvia.com.br\/ Todo o processo de recrutamento e sele\u00e7\u00e3o ser\u00e1 realizado 100% pela plataforma. Como participar do processo seletivo Para se candidatar, o(a) estudante deve: 1\ufe0f\u20e3 Acessar a RHuvia2\ufe0f\u20e3 Criar seu [&hellip;]","og_url":"https:\/\/gnrambiental.com.br\/noticias\/\ud83d\udea8-vaga-aberta-estagio-em-meio-ambiente-e-seguranca-do-trabalho-\ud83d\udea8\/","og_site_name":"GNR Ambiental","article_published_time":"2026-01-20T13:36:27+00:00","og_image":[{"url":"https:\/\/gnrambiental.com.br\/noticias\/wp-content\/uploads\/2026\/01\/2-1-1024x281.png","type":"","width":"","height":""}],"author":"blog_gnr","twitter_card":"summary_large_image","twitter_misc":{"Escrito por":"blog_gnr","Est. tempo de leitura":"2 minutos"},"schema":{"@context":"https:\/\/schema.org","@graph":[{"@type":"WebPage","@id":"https:\/\/gnrambiental.com.br\/noticias\/%f0%9f%9a%a8-vaga-aberta-estagio-em-meio-ambiente-e-seguranca-do-trabalho-%f0%9f%9a%a8\/","url":"https:\/\/gnrambiental.com.br\/noticias\/%f0%9f%9a%a8-vaga-aberta-estagio-em-meio-ambiente-e-seguranca-do-trabalho-%f0%9f%9a%a8\/","name":"\ud83d\udea8 VAGA ABERTA | EST\u00c1GIO EM MEIO AMBIENTE E SEGURAN\u00c7A DO TRABALHO \ud83d\udea8 - GNR Ambiental","isPartOf":{"@id":"https:\/\/gnrambiental.com.br\/noticias\/#website"},"primaryImageOfPage":{"@id":"https:\/\/gnrambiental.com.br\/noticias\/%f0%9f%9a%a8-vaga-aberta-estagio-em-meio-ambiente-e-seguranca-do-trabalho-%f0%9f%9a%a8\/#primaryimage"},"image":{"@id":"https:\/\/gnrambiental.com.br\/noticias\/%f0%9f%9a%a8-vaga-aberta-estagio-em-meio-ambiente-e-seguranca-do-trabalho-%f0%9f%9a%a8\/#primaryimage"},"thumbnailUrl":"https:\/\/gnrambiental.com.br\/noticias\/wp-content\/uploads\/2026\/01\/2-1-1024x281.png","datePublished":"2026-01-20T13:36:27+00:00","author":{"@id":"https:\/\/gnrambiental.com.br\/noticias\/#\/schema\/person\/665c9a349aa30972fa8d07edc2ee38af"},"breadcrumb":{"@id":"https:\/\/gnrambiental.com.br\/noticias\/%f0%9f%9a%a8-vaga-aberta-estagio-em-meio-ambiente-e-seguranca-do-trabalho-%f0%9f%9a%a8\/#breadcrumb"},"inLanguage":"pt-BR","potentialAction":[{"@type":"ReadAction","target":["https:\/\/gnrambiental.com.br\/noticias\/%f0%9f%9a%a8-vaga-aberta-estagio-em-meio-ambiente-e-seguranca-do-trabalho-%f0%9f%9a%a8\/"]}]},{"@type":"ImageObject","inLanguage":"pt-BR","@id":"https:\/\/gnrambiental.com.br\/noticias\/%f0%9f%9a%a8-vaga-aberta-estagio-em-meio-ambiente-e-seguranca-do-trabalho-%f0%9f%9a%a8\/#primaryimage","url":"https:\/\/gnrambiental.com.br\/noticias\/wp-content\/uploads\/2026\/01\/2-1.png","contentUrl":"https:\/\/gnrambiental.com.br\/noticias\/wp-content\/uploads\/2026\/01\/2-1.png","width":1225,"height":336,"caption":"Rhuvia recrutamento com IA"},{"@type":"BreadcrumbList","@id":"https:\/\/gnrambiental.com.br\/noticias\/%f0%9f%9a%a8-vaga-aberta-estagio-em-meio-ambiente-e-seguranca-do-trabalho-%f0%9f%9a%a8\/#breadcrumb","itemListElement":[{"@type":"ListItem","position":1,"name":"In\u00edcio","item":"https:\/\/gnrambiental.com.br\/noticias\/"},{"@type":"ListItem","position":2,"name":"\ud83d\udea8 VAGA ABERTA | EST\u00c1GIO EM MEIO AMBIENTE E SEGURAN\u00c7A DO TRABALHO \ud83d\udea8"}]},{"@type":"WebSite","@id":"https:\/\/gnrambiental.com.br\/noticias\/#website","url":"https:\/\/gnrambiental.com.br\/noticias\/","name":"GNR Ambiental","description":"","potentialAction":[{"@type":"SearchAction","target":{"@type":"EntryPoint","urlTemplate":"https:\/\/gnrambiental.com.br\/noticias\/?s={search_term_string}"},"query-input":{"@type":"PropertyValueSpecification","valueRequired":true,"valueName":"search_term_string"}}],"inLanguage":"pt-BR"},{"@type":"Person","@id":"https:\/\/gnrambiental.com.br\/noticias\/#\/schema\/person\/665c9a349aa30972fa8d07edc2ee38af","name":"blog_gnr","image":{"@type":"ImageObject","inLanguage":"pt-BR","@id":"https:\/\/gnrambiental.com.br\/noticias\/#\/schema\/person\/image\/","url":"https:\/\/secure.gravatar.com\/avatar\/e4c10858129539ef55035c1f4f80f9c3?s=96&d=mm&r=g","contentUrl":"https:\/\/secure.gravatar.com\/avatar\/e4c10858129539ef55035c1f4f80f9c3?s=96&d=mm&r=g","caption":"blog_gnr"}}]}},"_links":{"self":[{"href":"https:\/\/gnrambiental.com.br\/noticias\/wp-json\/wp\/v2\/posts\/2152"}],"collection":[{"href":"https:\/\/gnrambiental.com.br\/noticias\/wp-json\/wp\/v2\/posts"}],"about":[{"href":"https:\/\/gnrambiental.com.br\/noticias\/wp-json\/wp\/v2\/types\/post"}],"author":[{"embeddable":true,"href":"https:\/\/gnrambiental.com.br\/noticias\/wp-json\/wp\/v2\/users\/1"}],"replies":[{"embeddable":true,"href":"https:\/\/gnrambiental.com.br\/noticias\/wp-json\/wp\/v2\/comments?post=2152"}],"version-history":[{"count":1,"href":"https:\/\/gnrambiental.com.br\/noticias\/wp-json\/wp\/v2\/posts\/2152\/revisions"}],"predecessor-version":[{"id":2153,"href":"https:\/\/gnrambiental.com.br\/noticias\/wp-json\/wp\/v2\/posts\/2152\/revisions\/2153"}],"wp:attachment":[{"href":"https:\/\/gnrambiental.com.br\/noticias\/wp-json\/wp\/v2\/media?parent=2152"}],"wp:term":[{"taxonomy":"category","embeddable":true,"href":"https:\/\/gnrambiental.com.br\/noticias\/wp-json\/wp\/v2\/categories?post=2152"},{"taxonomy":"post_tag","embeddable":true,"href":"https:\/\/gnrambiental.com.br\/noticias\/wp-json\/wp\/v2\/tags?post=2152"}],"curies":[{"name":"wp","href":"https:\/\/api.w.org\/{rel}","templated":true}]}}