{"id":2154,"date":"2026-01-20T10:52:30","date_gmt":"2026-01-20T13:52:30","guid":{"rendered":"https:\/\/gnrambiental.com.br\/noticias\/?p=2154"},"modified":"2026-01-20T10:52:30","modified_gmt":"2026-01-20T13:52:30","slug":"%f0%9f%9a%a8-vaga-aberta-tecnico-de-campo-ambiental-e-seguranca-do-trabalho-%f0%9f%9a%a8","status":"publish","type":"post","link":"https:\/\/gnrambiental.com.br\/noticias\/%f0%9f%9a%a8-vaga-aberta-tecnico-de-campo-ambiental-e-seguranca-do-trabalho-%f0%9f%9a%a8\/","title":{"rendered":"\ud83d\udea8 VAGA ABERTA | T\u00c9CNICO DE CAMPO (AMBIENTAL E SEGURAN\u00c7A DO TRABALHO) \ud83d\udea8"},"content":{"rendered":"<p data-start=\"80\" data-end=\"356\">A <strong data-start=\"82\" data-end=\"123\"><span class=\"hover:entity-accent entity-underline inline cursor-pointer align-baseline\"><span class=\"whitespace-normal\">GNR Ambiental<\/span><\/span><\/strong> anuncia <strong data-start=\"132\" data-end=\"205\">VAGA ABERTA PARA T\u00c9CNICO DE CAMPO (AMBIENTAL E SEGURAN\u00c7A DO TRABALHO)<\/strong>, uma <strong data-start=\"211\" data-end=\"226\">VAGA ABERTA<\/strong> voltada para profissionais que desejam atuar diretamente em atividades de <strong data-start=\"301\" data-end=\"355\">campo na \u00e1rea ambiental e de seguran\u00e7a do trabalho<\/strong>.<\/p>\n<p data-start=\"358\" data-end=\"475\">\ud83d\udccd <strong data-start=\"361\" data-end=\"406\">VAGA ABERTA em S\u00e3o Bernardo do Campo \u2013 SP<\/strong><br data-start=\"406\" data-end=\"409\" \/>\u2708\ufe0f <strong data-start=\"412\" data-end=\"475\">VAGA ABERTA com necessidade de disponibilidade para viagens<\/strong><\/p>\n<p data-start=\"477\" data-end=\"650\">\ud83d\udccc <strong data-start=\"480\" data-end=\"495\">Importante:<\/strong><br data-start=\"495\" data-end=\"498\" \/>\ud83d\udc49 Esta <strong data-start=\"506\" data-end=\"576\">VAGA ABERTA | T\u00c9CNICO DE CAMPO (AMBIENTAL E SEGURAN\u00c7A DO TRABALHO)<\/strong> est\u00e1 <strong data-start=\"582\" data-end=\"620\">publicada exclusivamente na RHuvia<\/strong><br data-start=\"620\" data-end=\"623\" \/>\ud83c\udf10 <a class=\"decorated-link\" href=\"https:\/\/rhuvia.com.br\/\" target=\"_new\" rel=\"noopener\" data-start=\"626\" data-end=\"648\">https:\/\/rhuvia.com.br\/<\/a><\/p>\n<p data-start=\"477\" data-end=\"650\"><img loading=\"lazy\" decoding=\"async\" class=\"alignnone size-large wp-image-2148\" src=\"https:\/\/gnrambiental.com.br\/noticias\/wp-content\/uploads\/2026\/01\/2-1-1024x281.png\" alt=\"Rhuvia recrutamento com IA\" width=\"1024\" height=\"281\" srcset=\"https:\/\/gnrambiental.com.br\/noticias\/wp-content\/uploads\/2026\/01\/2-1-1024x281.png 1024w, https:\/\/gnrambiental.com.br\/noticias\/wp-content\/uploads\/2026\/01\/2-1-980x269.png 980w, https:\/\/gnrambiental.com.br\/noticias\/wp-content\/uploads\/2026\/01\/2-1-480x132.png 480w\" sizes=\"(min-width: 0px) and (max-width: 480px) 480px, (min-width: 481px) and (max-width: 980px) 980px, (min-width: 981px) 1024px, 100vw\" \/><\/p>\n<p data-start=\"652\" data-end=\"741\">Todo o <strong data-start=\"659\" data-end=\"695\">processo seletivo da VAGA ABERTA<\/strong> ser\u00e1 realizado integralmente pela plataforma.<\/p>\n<h2 data-start=\"743\" data-end=\"833\">Como se candidatar \u00e0 VAGA ABERTA | T\u00c9CNICO DE CAMPO (AMBIENTAL E SEGURAN\u00c7A DO TRABALHO)<\/h2>\n<p data-start=\"834\" data-end=\"896\">Para participar desta <strong data-start=\"856\" data-end=\"871\">VAGA ABERTA<\/strong>, o(a) candidato(a) deve:<\/p>\n<p data-start=\"898\" data-end=\"1134\">1\ufe0f\u20e3 Acessar a <strong data-start=\"912\" data-end=\"953\"><span class=\"hover:entity-accent entity-underline inline cursor-pointer align-baseline\"><span class=\"whitespace-normal\">RHuvia<\/span><\/span><\/strong><br data-start=\"953\" data-end=\"956\" \/>2\ufe0f\u20e3 Realizar o cadastro na plataforma<br data-start=\"993\" data-end=\"996\" \/>3\ufe0f\u20e3 Criar seu <strong data-start=\"1010\" data-end=\"1045\">perfil profissional (curr\u00edculo)<\/strong><br data-start=\"1045\" data-end=\"1048\" \/>4\ufe0f\u20e3 Preencher corretamente seus dados, experi\u00eancia, educa\u00e7\u00e3o, skills e certifica\u00e7\u00f5es<\/p>\n<p data-start=\"1136\" data-end=\"1191\">5\ufe0f\u20e3 Realizar os testes obrigat\u00f3rios da <strong data-start=\"1175\" data-end=\"1190\">VAGA ABERTA<\/strong>:<\/p>\n<ul data-start=\"1192\" data-end=\"1260\">\n<li data-start=\"1192\" data-end=\"1212\">\n<p data-start=\"1194\" data-end=\"1212\">\u2705 <strong data-start=\"1196\" data-end=\"1210\">Teste DISC<\/strong><\/p>\n<\/li>\n<li data-start=\"1213\" data-end=\"1233\">\n<p data-start=\"1215\" data-end=\"1233\">\u2705 <strong data-start=\"1217\" data-end=\"1231\">Teste MBTI<\/strong><\/p>\n<\/li>\n<li data-start=\"1234\" data-end=\"1260\">\n<p data-start=\"1236\" data-end=\"1260\">\u2705 <strong data-start=\"1238\" data-end=\"1258\">Teste Vocacional<\/strong><\/p>\n<\/li>\n<\/ul>\n<p data-start=\"1262\" data-end=\"1383\">6\ufe0f\u20e3 Ap\u00f3s concluir todas as etapas, <strong data-start=\"1297\" data-end=\"1383\">candidatar-se \u00e0 VAGA ABERTA | T\u00c9CNICO DE CAMPO (AMBIENTAL E SEGURAN\u00c7A DO TRABALHO)<\/strong><\/p>\n<p data-start=\"1262\" data-end=\"1383\"><img loading=\"lazy\" decoding=\"async\" class=\"alignnone size-large wp-image-2149\" src=\"https:\/\/gnrambiental.com.br\/noticias\/wp-content\/uploads\/2026\/01\/4-1-e1768915462693-1024x486.png\" alt=\"Rhuvia recrutamento com IA\" width=\"1024\" height=\"486\" srcset=\"https:\/\/gnrambiental.com.br\/noticias\/wp-content\/uploads\/2026\/01\/4-1-e1768915462693-980x551.png 980w, https:\/\/gnrambiental.com.br\/noticias\/wp-content\/uploads\/2026\/01\/4-1-e1768915462693-480x270.png 480w\" sizes=\"(min-width: 0px) and (max-width: 480px) 480px, (min-width: 481px) and (max-width: 980px) 980px, (min-width: 981px) 1024px, 100vw\" \/><\/p>\n<h2 data-start=\"1385\" data-end=\"1407\">Sobre a VAGA ABERTA<\/h2>\n<p data-start=\"1408\" data-end=\"1715\">Nesta <strong data-start=\"1414\" data-end=\"1484\">VAGA ABERTA | T\u00c9CNICO DE CAMPO (AMBIENTAL E SEGURAN\u00c7A DO TRABALHO)<\/strong>, o profissional atuar\u00e1 em atividades de campo ligadas a medi\u00e7\u00f5es ambientais, seguran\u00e7a do trabalho, vistorias t\u00e9cnicas e apoio \u00e0s equipes de engenharia, com atua\u00e7\u00e3o externa e viagens conforme demanda dos projetos da GNR Ambiental.<\/p>\n<p data-start=\"1717\" data-end=\"1932\">\ud83d\udce2 <strong data-start=\"1720\" data-end=\"1785\">A GNR Ambiental n\u00e3o recebe curr\u00edculos por e-mail ou WhatsApp.<\/strong><br data-start=\"1785\" data-end=\"1788\" \/>Toda candidatura para esta <strong data-start=\"1815\" data-end=\"1885\">VAGA ABERTA | T\u00c9CNICO DE CAMPO (AMBIENTAL E SEGURAN\u00c7A DO TRABALHO)<\/strong> deve ser feita <strong data-start=\"1901\" data-end=\"1931\">exclusivamente pela RHuvia<\/strong>.<\/p>\n<p data-start=\"1934\" data-end=\"2101\" data-is-last-node=\"\" data-is-only-node=\"\">\ud83d\udc49 <strong data-start=\"1937\" data-end=\"1954\">Acesse agora:<\/strong> <a class=\"decorated-link\" href=\"https:\/\/rhuvia.com.br\/\" target=\"_new\" rel=\"noopener\" data-start=\"1955\" data-end=\"1977\">https:\/\/rhuvia.com.br\/<\/a><br data-start=\"1977\" data-end=\"1980\" \/>Crie seu perfil, realize os testes e participe da <strong data-start=\"2030\" data-end=\"2100\">VAGA ABERTA | T\u00c9CNICO DE CAMPO (AMBIENTAL E SEGURAN\u00c7A DO TRABALHO)<\/strong>.<\/p>\n","protected":false},"excerpt":{"rendered":"<p>A GNR Ambiental anuncia VAGA ABERTA PARA T\u00c9CNICO DE CAMPO (AMBIENTAL E SEGURAN\u00c7A DO TRABALHO), uma VAGA ABERTA voltada para profissionais que desejam atuar diretamente em atividades de campo na \u00e1rea ambiental e de seguran\u00e7a do trabalho. \ud83d\udccd VAGA ABERTA em S\u00e3o Bernardo do Campo \u2013 SP\u2708\ufe0f VAGA ABERTA com necessidade de disponibilidade para viagens [&hellip;]<\/p>\n","protected":false},"author":1,"featured_media":0,"comment_status":"open","ping_status":"open","sticky":false,"template":"","format":"standard","meta":{"_et_pb_use_builder":"","_et_pb_old_content":"","_et_gb_content_width":"","_joinchat":[],"footnotes":""},"categories":[1],"tags":[],"class_list":["post-2154","post","type-post","status-publish","format-standard","hentry","category-sem-categoria"],"yoast_head":"<!-- This site is optimized with the Yoast SEO plugin v24.6 - https:\/\/yoast.com\/wordpress\/plugins\/seo\/ -->\n<title>\ud83d\udea8 VAGA ABERTA | T\u00c9CNICO DE CAMPO (AMBIENTAL E SEGURAN\u00c7A DO TRABALHO) \ud83d\udea8 - GNR Ambiental<\/title>\n<meta name=\"robots\" content=\"index, follow, max-snippet:-1, max-image-preview:large, max-video-preview:-1\" \/>\n<link rel=\"canonical\" href=\"https:\/\/gnrambiental.com.br\/noticias\/\ud83d\udea8-vaga-aberta-tecnico-de-campo-ambiental-e-seguranca-do-trabalho-\ud83d\udea8\/\" \/>\n<meta property=\"og:locale\" content=\"pt_BR\" \/>\n<meta property=\"og:type\" content=\"article\" \/>\n<meta property=\"og:title\" content=\"\ud83d\udea8 VAGA ABERTA | T\u00c9CNICO DE CAMPO (AMBIENTAL E SEGURAN\u00c7A DO TRABALHO) \ud83d\udea8 - GNR Ambiental\" \/>\n<meta property=\"og:description\" content=\"A GNR Ambiental anuncia VAGA ABERTA PARA T\u00c9CNICO DE CAMPO (AMBIENTAL E SEGURAN\u00c7A DO TRABALHO), uma VAGA ABERTA voltada para profissionais que desejam atuar diretamente em atividades de campo na \u00e1rea ambiental e de seguran\u00e7a do trabalho. \ud83d\udccd VAGA ABERTA em S\u00e3o Bernardo do Campo \u2013 SP\u2708\ufe0f VAGA ABERTA com necessidade de disponibilidade para viagens [&hellip;]\" \/>\n<meta property=\"og:url\" content=\"https:\/\/gnrambiental.com.br\/noticias\/\ud83d\udea8-vaga-aberta-tecnico-de-campo-ambiental-e-seguranca-do-trabalho-\ud83d\udea8\/\" \/>\n<meta property=\"og:site_name\" content=\"GNR Ambiental\" \/>\n<meta property=\"article:published_time\" content=\"2026-01-20T13:52:30+00:00\" \/>\n<meta property=\"og:image\" content=\"https:\/\/gnrambiental.com.br\/noticias\/wp-content\/uploads\/2026\/01\/2-1-1024x281.png\" \/>\n<meta name=\"author\" content=\"blog_gnr\" \/>\n<meta name=\"twitter:card\" content=\"summary_large_image\" \/>\n<meta name=\"twitter:label1\" content=\"Escrito por\" \/>\n\t<meta name=\"twitter:data1\" content=\"blog_gnr\" \/>\n\t<meta name=\"twitter:label2\" content=\"Est. tempo de leitura\" \/>\n\t<meta name=\"twitter:data2\" content=\"2 minutos\" \/>\n<script type=\"application\/ld+json\" class=\"yoast-schema-graph\">{\"@context\":\"https:\/\/schema.org\",\"@graph\":[{\"@type\":\"WebPage\",\"@id\":\"https:\/\/gnrambiental.com.br\/noticias\/%f0%9f%9a%a8-vaga-aberta-tecnico-de-campo-ambiental-e-seguranca-do-trabalho-%f0%9f%9a%a8\/\",\"url\":\"https:\/\/gnrambiental.com.br\/noticias\/%f0%9f%9a%a8-vaga-aberta-tecnico-de-campo-ambiental-e-seguranca-do-trabalho-%f0%9f%9a%a8\/\",\"name\":\"\ud83d\udea8 VAGA ABERTA | T\u00c9CNICO DE CAMPO (AMBIENTAL E SEGURAN\u00c7A DO TRABALHO) \ud83d\udea8 - GNR Ambiental\",\"isPartOf\":{\"@id\":\"https:\/\/gnrambiental.com.br\/noticias\/#website\"},\"primaryImageOfPage\":{\"@id\":\"https:\/\/gnrambiental.com.br\/noticias\/%f0%9f%9a%a8-vaga-aberta-tecnico-de-campo-ambiental-e-seguranca-do-trabalho-%f0%9f%9a%a8\/#primaryimage\"},\"image\":{\"@id\":\"https:\/\/gnrambiental.com.br\/noticias\/%f0%9f%9a%a8-vaga-aberta-tecnico-de-campo-ambiental-e-seguranca-do-trabalho-%f0%9f%9a%a8\/#primaryimage\"},\"thumbnailUrl\":\"https:\/\/gnrambiental.com.br\/noticias\/wp-content\/uploads\/2026\/01\/2-1-1024x281.png\",\"datePublished\":\"2026-01-20T13:52:30+00:00\",\"author\":{\"@id\":\"https:\/\/gnrambiental.com.br\/noticias\/#\/schema\/person\/665c9a349aa30972fa8d07edc2ee38af\"},\"breadcrumb\":{\"@id\":\"https:\/\/gnrambiental.com.br\/noticias\/%f0%9f%9a%a8-vaga-aberta-tecnico-de-campo-ambiental-e-seguranca-do-trabalho-%f0%9f%9a%a8\/#breadcrumb\"},\"inLanguage\":\"pt-BR\",\"potentialAction\":[{\"@type\":\"ReadAction\",\"target\":[\"https:\/\/gnrambiental.com.br\/noticias\/%f0%9f%9a%a8-vaga-aberta-tecnico-de-campo-ambiental-e-seguranca-do-trabalho-%f0%9f%9a%a8\/\"]}]},{\"@type\":\"ImageObject\",\"inLanguage\":\"pt-BR\",\"@id\":\"https:\/\/gnrambiental.com.br\/noticias\/%f0%9f%9a%a8-vaga-aberta-tecnico-de-campo-ambiental-e-seguranca-do-trabalho-%f0%9f%9a%a8\/#primaryimage\",\"url\":\"https:\/\/gnrambiental.com.br\/noticias\/wp-content\/uploads\/2026\/01\/2-1.png\",\"contentUrl\":\"https:\/\/gnrambiental.com.br\/noticias\/wp-content\/uploads\/2026\/01\/2-1.png\",\"width\":1225,\"height\":336,\"caption\":\"Rhuvia recrutamento com IA\"},{\"@type\":\"BreadcrumbList\",\"@id\":\"https:\/\/gnrambiental.com.br\/noticias\/%f0%9f%9a%a8-vaga-aberta-tecnico-de-campo-ambiental-e-seguranca-do-trabalho-%f0%9f%9a%a8\/#breadcrumb\",\"itemListElement\":[{\"@type\":\"ListItem\",\"position\":1,\"name\":\"In\u00edcio\",\"item\":\"https:\/\/gnrambiental.com.br\/noticias\/\"},{\"@type\":\"ListItem\",\"position\":2,\"name\":\"\ud83d\udea8 VAGA ABERTA | T\u00c9CNICO DE CAMPO (AMBIENTAL E SEGURAN\u00c7A DO TRABALHO) \ud83d\udea8\"}]},{\"@type\":\"WebSite\",\"@id\":\"https:\/\/gnrambiental.com.br\/noticias\/#website\",\"url\":\"https:\/\/gnrambiental.com.br\/noticias\/\",\"name\":\"GNR Ambiental\",\"description\":\"\",\"potentialAction\":[{\"@type\":\"SearchAction\",\"target\":{\"@type\":\"EntryPoint\",\"urlTemplate\":\"https:\/\/gnrambiental.com.br\/noticias\/?s={search_term_string}\"},\"query-input\":{\"@type\":\"PropertyValueSpecification\",\"valueRequired\":true,\"valueName\":\"search_term_string\"}}],\"inLanguage\":\"pt-BR\"},{\"@type\":\"Person\",\"@id\":\"https:\/\/gnrambiental.com.br\/noticias\/#\/schema\/person\/665c9a349aa30972fa8d07edc2ee38af\",\"name\":\"blog_gnr\",\"image\":{\"@type\":\"ImageObject\",\"inLanguage\":\"pt-BR\",\"@id\":\"https:\/\/gnrambiental.com.br\/noticias\/#\/schema\/person\/image\/\",\"url\":\"https:\/\/secure.gravatar.com\/avatar\/e4c10858129539ef55035c1f4f80f9c3?s=96&d=mm&r=g\",\"contentUrl\":\"https:\/\/secure.gravatar.com\/avatar\/e4c10858129539ef55035c1f4f80f9c3?s=96&d=mm&r=g\",\"caption\":\"blog_gnr\"}}]}<\/script>\n<!-- \/ Yoast SEO plugin. -->","yoast_head_json":{"title":"\ud83d\udea8 VAGA ABERTA | T\u00c9CNICO DE CAMPO (AMBIENTAL E SEGURAN\u00c7A DO TRABALHO) \ud83d\udea8 - GNR Ambiental","robots":{"index":"index","follow":"follow","max-snippet":"max-snippet:-1","max-image-preview":"max-image-preview:large","max-video-preview":"max-video-preview:-1"},"canonical":"https:\/\/gnrambiental.com.br\/noticias\/\ud83d\udea8-vaga-aberta-tecnico-de-campo-ambiental-e-seguranca-do-trabalho-\ud83d\udea8\/","og_locale":"pt_BR","og_type":"article","og_title":"\ud83d\udea8 VAGA ABERTA | T\u00c9CNICO DE CAMPO (AMBIENTAL E SEGURAN\u00c7A DO TRABALHO) \ud83d\udea8 - GNR Ambiental","og_description":"A GNR Ambiental anuncia VAGA ABERTA PARA T\u00c9CNICO DE CAMPO (AMBIENTAL E SEGURAN\u00c7A DO TRABALHO), uma VAGA ABERTA voltada para profissionais que desejam atuar diretamente em atividades de campo na \u00e1rea ambiental e de seguran\u00e7a do trabalho. \ud83d\udccd VAGA ABERTA em S\u00e3o Bernardo do Campo \u2013 SP\u2708\ufe0f VAGA ABERTA com necessidade de disponibilidade para viagens [&hellip;]","og_url":"https:\/\/gnrambiental.com.br\/noticias\/\ud83d\udea8-vaga-aberta-tecnico-de-campo-ambiental-e-seguranca-do-trabalho-\ud83d\udea8\/","og_site_name":"GNR Ambiental","article_published_time":"2026-01-20T13:52:30+00:00","og_image":[{"url":"https:\/\/gnrambiental.com.br\/noticias\/wp-content\/uploads\/2026\/01\/2-1-1024x281.png","type":"","width":"","height":""}],"author":"blog_gnr","twitter_card":"summary_large_image","twitter_misc":{"Escrito por":"blog_gnr","Est. tempo de leitura":"2 minutos"},"schema":{"@context":"https:\/\/schema.org","@graph":[{"@type":"WebPage","@id":"https:\/\/gnrambiental.com.br\/noticias\/%f0%9f%9a%a8-vaga-aberta-tecnico-de-campo-ambiental-e-seguranca-do-trabalho-%f0%9f%9a%a8\/","url":"https:\/\/gnrambiental.com.br\/noticias\/%f0%9f%9a%a8-vaga-aberta-tecnico-de-campo-ambiental-e-seguranca-do-trabalho-%f0%9f%9a%a8\/","name":"\ud83d\udea8 VAGA ABERTA | T\u00c9CNICO DE CAMPO (AMBIENTAL E SEGURAN\u00c7A DO TRABALHO) \ud83d\udea8 - GNR Ambiental","isPartOf":{"@id":"https:\/\/gnrambiental.com.br\/noticias\/#website"},"primaryImageOfPage":{"@id":"https:\/\/gnrambiental.com.br\/noticias\/%f0%9f%9a%a8-vaga-aberta-tecnico-de-campo-ambiental-e-seguranca-do-trabalho-%f0%9f%9a%a8\/#primaryimage"},"image":{"@id":"https:\/\/gnrambiental.com.br\/noticias\/%f0%9f%9a%a8-vaga-aberta-tecnico-de-campo-ambiental-e-seguranca-do-trabalho-%f0%9f%9a%a8\/#primaryimage"},"thumbnailUrl":"https:\/\/gnrambiental.com.br\/noticias\/wp-content\/uploads\/2026\/01\/2-1-1024x281.png","datePublished":"2026-01-20T13:52:30+00:00","author":{"@id":"https:\/\/gnrambiental.com.br\/noticias\/#\/schema\/person\/665c9a349aa30972fa8d07edc2ee38af"},"breadcrumb":{"@id":"https:\/\/gnrambiental.com.br\/noticias\/%f0%9f%9a%a8-vaga-aberta-tecnico-de-campo-ambiental-e-seguranca-do-trabalho-%f0%9f%9a%a8\/#breadcrumb"},"inLanguage":"pt-BR","potentialAction":[{"@type":"ReadAction","target":["https:\/\/gnrambiental.com.br\/noticias\/%f0%9f%9a%a8-vaga-aberta-tecnico-de-campo-ambiental-e-seguranca-do-trabalho-%f0%9f%9a%a8\/"]}]},{"@type":"ImageObject","inLanguage":"pt-BR","@id":"https:\/\/gnrambiental.com.br\/noticias\/%f0%9f%9a%a8-vaga-aberta-tecnico-de-campo-ambiental-e-seguranca-do-trabalho-%f0%9f%9a%a8\/#primaryimage","url":"https:\/\/gnrambiental.com.br\/noticias\/wp-content\/uploads\/2026\/01\/2-1.png","contentUrl":"https:\/\/gnrambiental.com.br\/noticias\/wp-content\/uploads\/2026\/01\/2-1.png","width":1225,"height":336,"caption":"Rhuvia recrutamento com IA"},{"@type":"BreadcrumbList","@id":"https:\/\/gnrambiental.com.br\/noticias\/%f0%9f%9a%a8-vaga-aberta-tecnico-de-campo-ambiental-e-seguranca-do-trabalho-%f0%9f%9a%a8\/#breadcrumb","itemListElement":[{"@type":"ListItem","position":1,"name":"In\u00edcio","item":"https:\/\/gnrambiental.com.br\/noticias\/"},{"@type":"ListItem","position":2,"name":"\ud83d\udea8 VAGA ABERTA | T\u00c9CNICO DE CAMPO (AMBIENTAL E SEGURAN\u00c7A DO TRABALHO) \ud83d\udea8"}]},{"@type":"WebSite","@id":"https:\/\/gnrambiental.com.br\/noticias\/#website","url":"https:\/\/gnrambiental.com.br\/noticias\/","name":"GNR Ambiental","description":"","potentialAction":[{"@type":"SearchAction","target":{"@type":"EntryPoint","urlTemplate":"https:\/\/gnrambiental.com.br\/noticias\/?s={search_term_string}"},"query-input":{"@type":"PropertyValueSpecification","valueRequired":true,"valueName":"search_term_string"}}],"inLanguage":"pt-BR"},{"@type":"Person","@id":"https:\/\/gnrambiental.com.br\/noticias\/#\/schema\/person\/665c9a349aa30972fa8d07edc2ee38af","name":"blog_gnr","image":{"@type":"ImageObject","inLanguage":"pt-BR","@id":"https:\/\/gnrambiental.com.br\/noticias\/#\/schema\/person\/image\/","url":"https:\/\/secure.gravatar.com\/avatar\/e4c10858129539ef55035c1f4f80f9c3?s=96&d=mm&r=g","contentUrl":"https:\/\/secure.gravatar.com\/avatar\/e4c10858129539ef55035c1f4f80f9c3?s=96&d=mm&r=g","caption":"blog_gnr"}}]}},"_links":{"self":[{"href":"https:\/\/gnrambiental.com.br\/noticias\/wp-json\/wp\/v2\/posts\/2154"}],"collection":[{"href":"https:\/\/gnrambiental.com.br\/noticias\/wp-json\/wp\/v2\/posts"}],"about":[{"href":"https:\/\/gnrambiental.com.br\/noticias\/wp-json\/wp\/v2\/types\/post"}],"author":[{"embeddable":true,"href":"https:\/\/gnrambiental.com.br\/noticias\/wp-json\/wp\/v2\/users\/1"}],"replies":[{"embeddable":true,"href":"https:\/\/gnrambiental.com.br\/noticias\/wp-json\/wp\/v2\/comments?post=2154"}],"version-history":[{"count":1,"href":"https:\/\/gnrambiental.com.br\/noticias\/wp-json\/wp\/v2\/posts\/2154\/revisions"}],"predecessor-version":[{"id":2155,"href":"https:\/\/gnrambiental.com.br\/noticias\/wp-json\/wp\/v2\/posts\/2154\/revisions\/2155"}],"wp:attachment":[{"href":"https:\/\/gnrambiental.com.br\/noticias\/wp-json\/wp\/v2\/media?parent=2154"}],"wp:term":[{"taxonomy":"category","embeddable":true,"href":"https:\/\/gnrambiental.com.br\/noticias\/wp-json\/wp\/v2\/categories?post=2154"},{"taxonomy":"post_tag","embeddable":true,"href":"https:\/\/gnrambiental.com.br\/noticias\/wp-json\/wp\/v2\/tags?post=2154"}],"curies":[{"name":"wp","href":"https:\/\/api.w.org\/{rel}","templated":true}]}}