{"id":2235,"date":"2026-03-27T14:52:09","date_gmt":"2026-03-27T17:52:09","guid":{"rendered":"https:\/\/gnrambiental.com.br\/noticias\/?p=2235"},"modified":"2026-03-27T14:52:09","modified_gmt":"2026-03-27T17:52:09","slug":"laudo-de-vibracao-ambiental-quando-a-obra-do-vizinho-comeca-a-afetar-a-sua-estrutura","status":"publish","type":"post","link":"https:\/\/gnrambiental.com.br\/noticias\/laudo-de-vibracao-ambiental-quando-a-obra-do-vizinho-comeca-a-afetar-a-sua-estrutura\/","title":{"rendered":"Laudo de Vibra\u00e7\u00e3o Ambiental: quando a obra do vizinho come\u00e7a a afetar a sua estrutura"},"content":{"rendered":"<h1>Laudo de Vibra\u00e7\u00e3o Ambiental: quando a obra do vizinho come\u00e7a a afetar a sua estrutura<\/h1>\n<p>Voc\u00ea sente o ch\u00e3o tremendo quando um caminh\u00e3o passa. As paredes da sua casa apresentam trincas que n\u00e3o existiam antes. A obra ao lado usa bate-estaca h\u00e1 semanas e voc\u00ea n\u00e3o sabe se os danos que aparecem t\u00eam rela\u00e7\u00e3o com isso. <strong>Essa situa\u00e7\u00e3o \u00e9 mais comum do que parece \u2014 e tem solu\u00e7\u00e3o t\u00e9cnica.<\/strong><\/p>\n<p>O <strong>laudo de vibra\u00e7\u00e3o ambiental<\/strong> \u00e9 o instrumento t\u00e9cnico que mede, registra e comprova os n\u00edveis de vibra\u00e7\u00e3o gerados por fontes externas, avaliando se est\u00e3o dentro dos limites aceit\u00e1veis pelas normas brasileiras e se houve impacto real sobre a edifica\u00e7\u00e3o ou sobre os moradores.<\/p>\n<p>Sem esse documento, qualquer reclama\u00e7\u00e3o \u00e9 apenas uma opini\u00e3o. Com ele, voc\u00ea tem prova t\u00e9cnica, jur\u00eddica e pericial.<\/p>\n<hr \/>\n<h2>O que causa vibra\u00e7\u00e3o ambiental em edifica\u00e7\u00f5es?<\/h2>\n<p>Vibra\u00e7\u00f5es ambientais podem ter diversas origens \u2014 e nem sempre s\u00e3o percebidas imediatamente. As principais fontes em \u00e1reas urbanas de <strong>S\u00e3o Paulo, S\u00e3o Bernardo do Campo, Santo Andr\u00e9, Diadema e Guarulhos<\/strong> incluem:<\/p>\n<ul>\n<li><strong>Obras civis pr\u00f3ximas<\/strong> \u2014 bate-estaca, compacta\u00e7\u00e3o de solo, demoli\u00e7\u00f5es e escava\u00e7\u00f5es<\/li>\n<li><strong>Tr\u00e1fego pesado<\/strong> \u2014 caminh\u00f5es, \u00f4nibus articulados, trens e metr\u00f4<\/li>\n<li><strong>Ind\u00fastrias e compressores<\/strong> \u2014 m\u00e1quinas rotativas e prensas em opera\u00e7\u00e3o cont\u00ednua<\/li>\n<li><strong>Explos\u00f5es controladas<\/strong> \u2014 em obras de minera\u00e7\u00e3o ou infraestrutura<\/li>\n<li><strong>Constru\u00e7\u00e3o de viadutos e pontes<\/strong> \u2014 comuns em regi\u00f5es de expans\u00e3o urbana como Campinas, Jundia\u00ed e Osasco<\/li>\n<\/ul>\n<p>O problema \u00e9 que a vibra\u00e7\u00e3o pode n\u00e3o gerar dano imediato e vis\u00edvel. Ela atua de forma acumulativa \u2014 e quando as trincas aparecem, j\u00e1 pode haver preju\u00edzo significativo \u00e0 estrutura.<\/p>\n<hr \/>\n<h2>Quais normas regulamentam o laudo de vibra\u00e7\u00e3o ambiental?<\/h2>\n<p>Um <strong>laudo de vibra\u00e7\u00e3o ambiental<\/strong> tecnicamente robusto precisa se fundamentar nas normas corretas \u2014 e no estado de S\u00e3o Paulo, isso significa combinar refer\u00eancias nacionais e internacionais reconhecidas por \u00f3rg\u00e3os ambientais, periciais e judiciais.<\/p>\n<h3>\ud83d\udccb DD-215 da CETESB \u2014 Principal refer\u00eancia normativa em S\u00e3o Paulo<\/h3>\n<p>A <strong>Decis\u00e3o de Diretoria n\u00ba 215 da CETESB<\/strong> \u00e9 a norma mais relevante para avalia\u00e7\u00e3o de vibra\u00e7\u00e3o ambiental no estado de S\u00e3o Paulo. Ela estabelece os crit\u00e9rios t\u00e9cnicos para medi\u00e7\u00e3o, os limites aceit\u00e1veis de velocidade de part\u00edcula de pico (PPV) e as diretrizes para elabora\u00e7\u00e3o de laudos em casos envolvendo obras civis, ind\u00fastrias e outras fontes de vibra\u00e7\u00e3o. Para empresas e condom\u00ednios em <strong>S\u00e3o Paulo, S\u00e3o Bernardo do Campo, Diadema e Santo Andr\u00e9<\/strong>, essa \u00e9 a norma que os \u00f3rg\u00e3os ambientais e o Minist\u00e9rio P\u00fablico utilizam como base de fiscaliza\u00e7\u00e3o.<\/p>\n<h3>\ud83d\udccb DIN 4150 \u2014 Norma internacional para efeitos de vibra\u00e7\u00e3o em estruturas e pessoas<\/h3>\n<p>A <strong>DIN 4150<\/strong> \u00e9 uma norma t\u00e9cnica alem\u00e3 amplamente adotada como refer\u00eancia internacional em laudos de vibra\u00e7\u00e3o. Dividida em partes, ela trata dos efeitos sobre pessoas em edifica\u00e7\u00f5es (Parte 2) e dos efeitos sobre as estruturas (Parte 3), definindo limites de velocidade de vibra\u00e7\u00e3o em mm\/s para diferentes tipos de constru\u00e7\u00e3o \u2014 de edifica\u00e7\u00f5es industriais a constru\u00e7\u00f5es hist\u00f3ricas. Em laudos periciais e processos judiciais em <strong>Campinas, Guarulhos, Osasco e Jundia\u00ed<\/strong>, a DIN 4150 \u00e9 frequentemente citada como par\u00e2metro complementar \u00e0 legisla\u00e7\u00e3o brasileira, refor\u00e7ando a fundamenta\u00e7\u00e3o t\u00e9cnica do documento.<\/p>\n<h3>\ud83d\udccb NBR 9653 \u2014 Complemento nacional para vibra\u00e7\u00f5es em obras urbanas<\/h3>\n<p>Utilizada em conjunto com a DD-215 e a DIN 4150, a <strong>NBR 9653<\/strong> define os limites de PPV para diferentes categorias de estrutura. A combina\u00e7\u00e3o dessas tr\u00eas refer\u00eancias \u00e9 o que diferencia um laudo superficial de um documento com real validade pericial e jur\u00eddica.<\/p>\n<hr \/>\n<h2>Como \u00e9 feito o laudo de vibra\u00e7\u00e3o ambiental na pr\u00e1tica?<\/h2>\n<p>O <strong>laudo de vibra\u00e7\u00e3o ambiental<\/strong> \u00e9 realizado com equipamentos de alta precis\u00e3o \u2014 sism\u00f3grafos e aceler\u00f4metros calibrados \u2014 posicionados em pontos estrat\u00e9gicos da edifica\u00e7\u00e3o. A medi\u00e7\u00e3o registra os n\u00edveis de vibra\u00e7\u00e3o durante a atividade causadora (obra, tr\u00e1fego, maquin\u00e1rio) e compara com os limites normativos.<\/p>\n<p>O processo inclui:<\/p>\n<ul>\n<li>Vistoria pr\u00e9via da edifica\u00e7\u00e3o com registro fotogr\u00e1fico das condi\u00e7\u00f5es existentes<\/li>\n<li>Instala\u00e7\u00e3o dos sensores em pontos cr\u00edticos \u2014 funda\u00e7\u00e3o, lajes e paredes estruturais<\/li>\n<li>Monitoramento cont\u00ednuo durante o per\u00edodo de atividade da fonte vibrante<\/li>\n<li>An\u00e1lise dos dados e compara\u00e7\u00e3o com os limites da <strong>DD-215 da CETESB<\/strong>, <strong>DIN 4150<\/strong> e <strong>NBR 9653<\/strong><\/li>\n<li>Emiss\u00e3o do laudo t\u00e9cnico com ART e conclus\u00e3o pericial<\/li>\n<\/ul>\n<p>O laudo pode ser usado tanto de forma <strong>preventiva<\/strong> \u2014 antes e durante uma obra para monitorar os impactos \u2014 quanto de forma <strong>reparat\u00f3ria<\/strong>, ap\u00f3s o aparecimento de danos, para responsabiliza\u00e7\u00e3o civil.<\/p>\n<hr \/>\n<p><!-- \u25b6\ufe0f V\u00cdDEO DO YOUTUBE --><\/p>\n<p style=\"text-align: center;\">\n  <iframe loading=\"lazy\" width=\"315\" height=\"560\" src=\"https:\/\/www.youtube.com\/embed\/Q0kx2rJcIQw\" title=\"Laudo de Vibra\u00e7\u00e3o Ambiental \u2013 GNR Ambiental\" frameborder=\"0\" allow=\"accelerometer; autoplay; clipboard-write; encrypted-media; gyroscope; picture-in-picture; web-share\" allowfullscreen><\/iframe>\n<\/p>\n<p style=\"text-align: center;\"><em>\u25b6\ufe0f Veja na pr\u00e1tica como funciona uma medi\u00e7\u00e3o de vibra\u00e7\u00e3o ambiental com a GNR Ambiental<\/em><\/p>\n<hr \/>\n<h2>Quando voc\u00ea precisa urgentemente de um laudo de vibra\u00e7\u00e3o ambiental?<\/h2>\n<p>Existem situa\u00e7\u00f5es em que aguardar pode significar perda de prazo legal ou agravamento dos danos. Fique atento a estes sinais:<\/p>\n<ul>\n<li>Surgimento de <strong>trincas, fissuras ou rachaduras<\/strong> ap\u00f3s o in\u00edcio de uma obra pr\u00f3xima<\/li>\n<li>Sensa\u00e7\u00e3o constante de <strong>tremor ou vibra\u00e7\u00e3o<\/strong> no piso ou nas paredes<\/li>\n<li>Queda de revestimentos, azulejos ou reboco sem causa aparente<\/li>\n<li>Instala\u00e7\u00e3o de bate-estaca, compactador ou britadeira a menos de 100 metros da edifica\u00e7\u00e3o<\/li>\n<li>Necessidade de <strong>prova t\u00e9cnica para a\u00e7\u00e3o judicial<\/strong> contra construtora ou empresa respons\u00e1vel pela obra<\/li>\n<li>Exig\u00eancia do seguro ou da prefeitura para libera\u00e7\u00e3o ou embargo de obra<\/li>\n<\/ul>\n<p>Empresas e condom\u00ednios em <strong>S\u00e3o Paulo, Campinas, Jundia\u00ed e Guarulhos<\/strong> frequentemente precisam do laudo antes mesmo do in\u00edcio de obras de grande porte para proteger o patrim\u00f4nio desde o primeiro dia.<\/p>\n<hr \/>\n<h2>Laudo preventivo vs. laudo reparat\u00f3rio: qual voc\u00ea precisa?<\/h2>\n<h3>\ud83d\udee1\ufe0f Laudo Preventivo (Pr\u00e9-obra)<\/h3>\n<p>Realizado antes do in\u00edcio das atividades causadoras de vibra\u00e7\u00e3o. Registra o estado original da edifica\u00e7\u00e3o \u2014 fissuras existentes, condi\u00e7\u00f5es estruturais \u2014 e monitora os n\u00edveis ao longo da obra. \u00c9 a melhor forma de proteger seu patrim\u00f4nio e de responsabilizar a construtora caso surjam danos durante o processo.<\/p>\n<h3>\u2696\ufe0f Laudo Reparat\u00f3rio (P\u00f3s-dano)<\/h3>\n<p>Realizado ap\u00f3s o aparecimento de danos. Comprova tecnicamente a rela\u00e7\u00e3o de causa e efeito entre a fonte de vibra\u00e7\u00e3o e os preju\u00edzos na edifica\u00e7\u00e3o. Fundamental para instruir a\u00e7\u00f5es judiciais, notifica\u00e7\u00f5es extrajudiciais e negocia\u00e7\u00f5es com seguradoras. Muito utilizado por moradores de <strong>Santo Andr\u00e9, Diadema e S\u00e3o Bernardo do Campo<\/strong> em casos de obras de metr\u00f4 e infraestrutura urbana.<\/p>\n<hr \/>\n<h2>Por que escolher a GNR Ambiental para o seu laudo de vibra\u00e7\u00e3o ambiental?<\/h2>\n<p>A GNR Ambiental realiza <strong>laudos de vibra\u00e7\u00e3o ambiental<\/strong> com equipamentos pr\u00f3prios e calibrados, metodologia rigorosa e total respaldo t\u00e9cnico e jur\u00eddico. Nossa equipe \u00e9 liderada por um engenheiro com forma\u00e7\u00e3o multidisciplinar e experi\u00eancia comprovada em per\u00edcias judiciais.<\/p>\n<h3>\ud83d\udc77 Eng. Guilherme Nunes Rosa \u2014 Respons\u00e1vel T\u00e9cnico<\/h3>\n<p>O <strong>Eng. Guilherme Nunes Rosa<\/strong> \u00e9 Engenheiro Ambiental, Civil, Eletricista e de Seguran\u00e7a do Trabalho, com mais de <strong>10 anos de experi\u00eancia<\/strong> em laudos t\u00e9cnicos, monitoramento ambiental e per\u00edcias. Atua tamb\u00e9m como <strong>Perito Judicial<\/strong>, garantindo que o laudo tenha validade plena em processos administrativos e judiciais.<\/p>\n<ul>\n<li>\u2705 Engenheiro Ambiental, Civil, Eletricista e de Seguran\u00e7a do Trabalho<\/li>\n<li>\u2705 Perito Judicial com atua\u00e7\u00e3o em tribunais<\/li>\n<li>\u2705 Mais de 10 anos de experi\u00eancia em laudos e per\u00edcias<\/li>\n<li>\u2705 Equipamentos pr\u00f3prios de medi\u00e7\u00e3o de vibra\u00e7\u00e3o (sism\u00f3grafos calibrados)<\/li>\n<li>\u2705 Empresa certificada <strong>ISO 17025<\/strong> para ensaios de ru\u00eddo e <strong>ISO 9001<\/strong> para gest\u00e3o da qualidade<\/li>\n<\/ul>\n<p>Atendemos em todo o estado de S\u00e3o Paulo, com foco em <strong>S\u00e3o Paulo, S\u00e3o Bernardo do Campo, Santo Andr\u00e9, Diadema, Osasco, Campinas, Jundia\u00ed e Guarulhos<\/strong>.<\/p>\n<hr \/>\n<h2>Conclus\u00e3o: vibra\u00e7\u00e3o n\u00e3o detectada hoje \u00e9 processo judicial amanh\u00e3<\/h2>\n<p>A vibra\u00e7\u00e3o ambiental age silenciosamente. Quando os danos aparecem, a fonte causadora pode ter encerrado suas atividades \u2014 e sem monitoramento t\u00e9cnico registrado, a comprova\u00e7\u00e3o se torna muito mais dif\u00edcil.<\/p>\n<p>O <strong>laudo de vibra\u00e7\u00e3o ambiental<\/strong> da GNR Ambiental garante que voc\u00ea tenha dados precisos, emitidos por profissional habilitado, com validade jur\u00eddica e respaldo pericial. Seja para proteger seu patrim\u00f4nio antes de uma obra, ou para responsabilizar quem causou os danos \u2014 estamos prontos para atender.<\/p>\n<p><strong>N\u00e3o espere a rachadura aparecer para agir. Entre em contato agora.<\/strong><\/p>\n<hr \/>\n<h2>\ud83d\udcde Fale com a GNR Ambiental<\/h2>\n<p>\n  \ud83d\udcde <strong>(11) 2374-1201<\/strong><br \/>\n  \ud83d\udcf1 <strong>(11) 95277-2125<\/strong><br \/>\n  \u2709\ufe0f <strong>comercial2@gnrambiental.com.br<\/strong>\n<\/p>\n<p>\ud83c\udf10 Atendemos: <strong>S\u00e3o Paulo \u2022 S\u00e3o Bernardo do Campo \u2022 Santo Andr\u00e9 \u2022 Diadema \u2022 Osasco \u2022 Campinas \u2022 Jundia\u00ed \u2022 Guarulhos<\/strong><\/p>\n","protected":false},"excerpt":{"rendered":"<p>Laudo de Vibra\u00e7\u00e3o Ambiental: quando a obra do vizinho come\u00e7a a afetar a sua estrutura Voc\u00ea sente o ch\u00e3o tremendo quando um caminh\u00e3o passa. As paredes da sua casa apresentam trincas que n\u00e3o existiam antes. A obra ao lado usa bate-estaca h\u00e1 semanas e voc\u00ea n\u00e3o sabe se os danos que aparecem t\u00eam rela\u00e7\u00e3o com [&hellip;]<\/p>\n","protected":false},"author":1,"featured_media":0,"comment_status":"open","ping_status":"open","sticky":false,"template":"","format":"standard","meta":{"_et_pb_use_builder":"","_et_pb_old_content":"","_et_gb_content_width":"","_joinchat":[],"footnotes":""},"categories":[1],"tags":[],"class_list":["post-2235","post","type-post","status-publish","format-standard","hentry","category-sem-categoria"],"yoast_head":"<!-- This site is optimized with the Yoast SEO plugin v24.6 - https:\/\/yoast.com\/wordpress\/plugins\/seo\/ -->\n<title>Laudo de Vibra\u00e7\u00e3o Ambiental: quando a obra do vizinho come\u00e7a a afetar a sua estrutura - GNR Ambiental<\/title>\n<meta name=\"robots\" content=\"index, follow, max-snippet:-1, max-image-preview:large, max-video-preview:-1\" \/>\n<link rel=\"canonical\" href=\"https:\/\/gnrambiental.com.br\/noticias\/laudo-de-vibracao-ambiental-quando-a-obra-do-vizinho-comeca-a-afetar-a-sua-estrutura\/\" \/>\n<meta property=\"og:locale\" content=\"pt_BR\" \/>\n<meta property=\"og:type\" content=\"article\" \/>\n<meta property=\"og:title\" content=\"Laudo de Vibra\u00e7\u00e3o Ambiental: quando a obra do vizinho come\u00e7a a afetar a sua estrutura - GNR Ambiental\" \/>\n<meta property=\"og:description\" content=\"Laudo de Vibra\u00e7\u00e3o Ambiental: quando a obra do vizinho come\u00e7a a afetar a sua estrutura Voc\u00ea sente o ch\u00e3o tremendo quando um caminh\u00e3o passa. As paredes da sua casa apresentam trincas que n\u00e3o existiam antes. A obra ao lado usa bate-estaca h\u00e1 semanas e voc\u00ea n\u00e3o sabe se os danos que aparecem t\u00eam rela\u00e7\u00e3o com [&hellip;]\" \/>\n<meta property=\"og:url\" content=\"https:\/\/gnrambiental.com.br\/noticias\/laudo-de-vibracao-ambiental-quando-a-obra-do-vizinho-comeca-a-afetar-a-sua-estrutura\/\" \/>\n<meta property=\"og:site_name\" content=\"GNR Ambiental\" \/>\n<meta property=\"article:published_time\" content=\"2026-03-27T17:52:09+00:00\" \/>\n<meta name=\"author\" content=\"blog_gnr\" \/>\n<meta name=\"twitter:card\" content=\"summary_large_image\" \/>\n<meta name=\"twitter:label1\" content=\"Escrito por\" \/>\n\t<meta name=\"twitter:data1\" content=\"blog_gnr\" \/>\n<script type=\"application\/ld+json\" class=\"yoast-schema-graph\">{\"@context\":\"https:\/\/schema.org\",\"@graph\":[{\"@type\":\"WebPage\",\"@id\":\"https:\/\/gnrambiental.com.br\/noticias\/laudo-de-vibracao-ambiental-quando-a-obra-do-vizinho-comeca-a-afetar-a-sua-estrutura\/\",\"url\":\"https:\/\/gnrambiental.com.br\/noticias\/laudo-de-vibracao-ambiental-quando-a-obra-do-vizinho-comeca-a-afetar-a-sua-estrutura\/\",\"name\":\"Laudo de Vibra\u00e7\u00e3o Ambiental: quando a obra do vizinho come\u00e7a a afetar a sua estrutura - GNR Ambiental\",\"isPartOf\":{\"@id\":\"https:\/\/gnrambiental.com.br\/noticias\/#website\"},\"datePublished\":\"2026-03-27T17:52:09+00:00\",\"author\":{\"@id\":\"https:\/\/gnrambiental.com.br\/noticias\/#\/schema\/person\/665c9a349aa30972fa8d07edc2ee38af\"},\"breadcrumb\":{\"@id\":\"https:\/\/gnrambiental.com.br\/noticias\/laudo-de-vibracao-ambiental-quando-a-obra-do-vizinho-comeca-a-afetar-a-sua-estrutura\/#breadcrumb\"},\"inLanguage\":\"pt-BR\",\"potentialAction\":[{\"@type\":\"ReadAction\",\"target\":[\"https:\/\/gnrambiental.com.br\/noticias\/laudo-de-vibracao-ambiental-quando-a-obra-do-vizinho-comeca-a-afetar-a-sua-estrutura\/\"]}]},{\"@type\":\"BreadcrumbList\",\"@id\":\"https:\/\/gnrambiental.com.br\/noticias\/laudo-de-vibracao-ambiental-quando-a-obra-do-vizinho-comeca-a-afetar-a-sua-estrutura\/#breadcrumb\",\"itemListElement\":[{\"@type\":\"ListItem\",\"position\":1,\"name\":\"In\u00edcio\",\"item\":\"https:\/\/gnrambiental.com.br\/noticias\/\"},{\"@type\":\"ListItem\",\"position\":2,\"name\":\"Laudo de Vibra\u00e7\u00e3o Ambiental: quando a obra do vizinho come\u00e7a a afetar a sua estrutura\"}]},{\"@type\":\"WebSite\",\"@id\":\"https:\/\/gnrambiental.com.br\/noticias\/#website\",\"url\":\"https:\/\/gnrambiental.com.br\/noticias\/\",\"name\":\"GNR Ambiental\",\"description\":\"\",\"potentialAction\":[{\"@type\":\"SearchAction\",\"target\":{\"@type\":\"EntryPoint\",\"urlTemplate\":\"https:\/\/gnrambiental.com.br\/noticias\/?s={search_term_string}\"},\"query-input\":{\"@type\":\"PropertyValueSpecification\",\"valueRequired\":true,\"valueName\":\"search_term_string\"}}],\"inLanguage\":\"pt-BR\"},{\"@type\":\"Person\",\"@id\":\"https:\/\/gnrambiental.com.br\/noticias\/#\/schema\/person\/665c9a349aa30972fa8d07edc2ee38af\",\"name\":\"blog_gnr\",\"image\":{\"@type\":\"ImageObject\",\"inLanguage\":\"pt-BR\",\"@id\":\"https:\/\/gnrambiental.com.br\/noticias\/#\/schema\/person\/image\/\",\"url\":\"https:\/\/secure.gravatar.com\/avatar\/e4c10858129539ef55035c1f4f80f9c3?s=96&d=mm&r=g\",\"contentUrl\":\"https:\/\/secure.gravatar.com\/avatar\/e4c10858129539ef55035c1f4f80f9c3?s=96&d=mm&r=g\",\"caption\":\"blog_gnr\"}}]}<\/script>\n<!-- \/ Yoast SEO plugin. -->","yoast_head_json":{"title":"Laudo de Vibra\u00e7\u00e3o Ambiental: quando a obra do vizinho come\u00e7a a afetar a sua estrutura - GNR Ambiental","robots":{"index":"index","follow":"follow","max-snippet":"max-snippet:-1","max-image-preview":"max-image-preview:large","max-video-preview":"max-video-preview:-1"},"canonical":"https:\/\/gnrambiental.com.br\/noticias\/laudo-de-vibracao-ambiental-quando-a-obra-do-vizinho-comeca-a-afetar-a-sua-estrutura\/","og_locale":"pt_BR","og_type":"article","og_title":"Laudo de Vibra\u00e7\u00e3o Ambiental: quando a obra do vizinho come\u00e7a a afetar a sua estrutura - GNR Ambiental","og_description":"Laudo de Vibra\u00e7\u00e3o Ambiental: quando a obra do vizinho come\u00e7a a afetar a sua estrutura Voc\u00ea sente o ch\u00e3o tremendo quando um caminh\u00e3o passa. As paredes da sua casa apresentam trincas que n\u00e3o existiam antes. A obra ao lado usa bate-estaca h\u00e1 semanas e voc\u00ea n\u00e3o sabe se os danos que aparecem t\u00eam rela\u00e7\u00e3o com [&hellip;]","og_url":"https:\/\/gnrambiental.com.br\/noticias\/laudo-de-vibracao-ambiental-quando-a-obra-do-vizinho-comeca-a-afetar-a-sua-estrutura\/","og_site_name":"GNR Ambiental","article_published_time":"2026-03-27T17:52:09+00:00","author":"blog_gnr","twitter_card":"summary_large_image","twitter_misc":{"Escrito por":"blog_gnr"},"schema":{"@context":"https:\/\/schema.org","@graph":[{"@type":"WebPage","@id":"https:\/\/gnrambiental.com.br\/noticias\/laudo-de-vibracao-ambiental-quando-a-obra-do-vizinho-comeca-a-afetar-a-sua-estrutura\/","url":"https:\/\/gnrambiental.com.br\/noticias\/laudo-de-vibracao-ambiental-quando-a-obra-do-vizinho-comeca-a-afetar-a-sua-estrutura\/","name":"Laudo de Vibra\u00e7\u00e3o Ambiental: quando a obra do vizinho come\u00e7a a afetar a sua estrutura - GNR Ambiental","isPartOf":{"@id":"https:\/\/gnrambiental.com.br\/noticias\/#website"},"datePublished":"2026-03-27T17:52:09+00:00","author":{"@id":"https:\/\/gnrambiental.com.br\/noticias\/#\/schema\/person\/665c9a349aa30972fa8d07edc2ee38af"},"breadcrumb":{"@id":"https:\/\/gnrambiental.com.br\/noticias\/laudo-de-vibracao-ambiental-quando-a-obra-do-vizinho-comeca-a-afetar-a-sua-estrutura\/#breadcrumb"},"inLanguage":"pt-BR","potentialAction":[{"@type":"ReadAction","target":["https:\/\/gnrambiental.com.br\/noticias\/laudo-de-vibracao-ambiental-quando-a-obra-do-vizinho-comeca-a-afetar-a-sua-estrutura\/"]}]},{"@type":"BreadcrumbList","@id":"https:\/\/gnrambiental.com.br\/noticias\/laudo-de-vibracao-ambiental-quando-a-obra-do-vizinho-comeca-a-afetar-a-sua-estrutura\/#breadcrumb","itemListElement":[{"@type":"ListItem","position":1,"name":"In\u00edcio","item":"https:\/\/gnrambiental.com.br\/noticias\/"},{"@type":"ListItem","position":2,"name":"Laudo de Vibra\u00e7\u00e3o Ambiental: quando a obra do vizinho come\u00e7a a afetar a sua estrutura"}]},{"@type":"WebSite","@id":"https:\/\/gnrambiental.com.br\/noticias\/#website","url":"https:\/\/gnrambiental.com.br\/noticias\/","name":"GNR Ambiental","description":"","potentialAction":[{"@type":"SearchAction","target":{"@type":"EntryPoint","urlTemplate":"https:\/\/gnrambiental.com.br\/noticias\/?s={search_term_string}"},"query-input":{"@type":"PropertyValueSpecification","valueRequired":true,"valueName":"search_term_string"}}],"inLanguage":"pt-BR"},{"@type":"Person","@id":"https:\/\/gnrambiental.com.br\/noticias\/#\/schema\/person\/665c9a349aa30972fa8d07edc2ee38af","name":"blog_gnr","image":{"@type":"ImageObject","inLanguage":"pt-BR","@id":"https:\/\/gnrambiental.com.br\/noticias\/#\/schema\/person\/image\/","url":"https:\/\/secure.gravatar.com\/avatar\/e4c10858129539ef55035c1f4f80f9c3?s=96&d=mm&r=g","contentUrl":"https:\/\/secure.gravatar.com\/avatar\/e4c10858129539ef55035c1f4f80f9c3?s=96&d=mm&r=g","caption":"blog_gnr"}}]}},"_links":{"self":[{"href":"https:\/\/gnrambiental.com.br\/noticias\/wp-json\/wp\/v2\/posts\/2235"}],"collection":[{"href":"https:\/\/gnrambiental.com.br\/noticias\/wp-json\/wp\/v2\/posts"}],"about":[{"href":"https:\/\/gnrambiental.com.br\/noticias\/wp-json\/wp\/v2\/types\/post"}],"author":[{"embeddable":true,"href":"https:\/\/gnrambiental.com.br\/noticias\/wp-json\/wp\/v2\/users\/1"}],"replies":[{"embeddable":true,"href":"https:\/\/gnrambiental.com.br\/noticias\/wp-json\/wp\/v2\/comments?post=2235"}],"version-history":[{"count":1,"href":"https:\/\/gnrambiental.com.br\/noticias\/wp-json\/wp\/v2\/posts\/2235\/revisions"}],"predecessor-version":[{"id":2236,"href":"https:\/\/gnrambiental.com.br\/noticias\/wp-json\/wp\/v2\/posts\/2235\/revisions\/2236"}],"wp:attachment":[{"href":"https:\/\/gnrambiental.com.br\/noticias\/wp-json\/wp\/v2\/media?parent=2235"}],"wp:term":[{"taxonomy":"category","embeddable":true,"href":"https:\/\/gnrambiental.com.br\/noticias\/wp-json\/wp\/v2\/categories?post=2235"},{"taxonomy":"post_tag","embeddable":true,"href":"https:\/\/gnrambiental.com.br\/noticias\/wp-json\/wp\/v2\/tags?post=2235"}],"curies":[{"name":"wp","href":"https:\/\/api.w.org\/{rel}","templated":true}]}}