{"id":558,"date":"2021-10-04T12:53:15","date_gmt":"2021-10-04T15:53:15","guid":{"rendered":"https:\/\/gnrambiental.com.br\/noticias\/?p=558"},"modified":"2021-11-12T17:20:23","modified_gmt":"2021-11-12T20:20:23","slug":"cadastro-de-geradores-de-residuo-solidos","status":"publish","type":"post","link":"https:\/\/gnrambiental.com.br\/noticias\/cadastro-de-geradores-de-residuo-solidos\/","title":{"rendered":"Cadastro de Geradores de Res\u00edduos S\u00f3lidos"},"content":{"rendered":"\n<p>O cadastramento do Plano de Gerenciamento de Res\u00edduos \u00e9 o OBRIGAT\u00d3RIO pela Lei Municipal de Gest\u00e3o e Gerenciamento de Res\u00edduos S\u00f3lidos 3853\/2019, Art.14, Inciso II, \u00a73\u00b0 \u201cO n\u00e3o cadastramento na Secretaria de Meio Ambiente e a n\u00e3o observ\u00e2ncia dos prazos estipulados no par\u00e1grafo anterior, dar\u00e1 ensejo \u00e0 advert\u00eancia e imposi\u00e7\u00e3o de multa, sem preju\u00edzo da interdi\u00e7\u00e3o do estabelecimento\u201d.<\/p>\n\n\n\n<p>Se voc\u00ea est\u00e1 pronto para manter sua empresa segura e precisa de uma equipe de profissionais qualificados para ajud\u00e1-lo a verificar o excesso de ru\u00eddo,&nbsp;<a href=\"https:\/\/gnrambiental.com.br\/contato\">converse conosco<\/a>!<\/p>\n\n\n\n<p>Para verificara  documenta\u00e7\u00e3o necess\u00e1ria e outras informa\u00e7\u00f5es, <a href=\"http:\/\/www.diadema.sp.gov.br\/sf-central-de-atendimento\/380-secretaria-de-meio-ambiente\/26854-cadastro-de-geradores-de-residuos-solidos\">CLIQUE AQUI<\/a> e confira no site da Prefeitura de Diadema.<\/p>\n","protected":false},"excerpt":{"rendered":"<p>O cadastramento do Plano de Gerenciamento de Res\u00edduos \u00e9 o OBRIGAT\u00d3RIO pela Lei Municipal de Gest\u00e3o e Gerenciamento de Res\u00edduos S\u00f3lidos 3853\/2019, Art.14, Inciso II, \u00a73\u00b0 \u201cO n\u00e3o cadastramento na Secretaria de Meio Ambiente e a n\u00e3o observ\u00e2ncia dos prazos estipulados no par\u00e1grafo anterior, dar\u00e1 ensejo \u00e0 advert\u00eancia e imposi\u00e7\u00e3o de multa, sem preju\u00edzo da [&hellip;]<\/p>\n","protected":false},"author":1,"featured_media":559,"comment_status":"open","ping_status":"open","sticky":false,"template":"","format":"standard","meta":{"_et_pb_use_builder":"off","_et_pb_old_content":"","_et_gb_content_width":"","_joinchat":[],"footnotes":""},"categories":[3,104],"tags":[110],"class_list":["post-558","post","type-post","status-publish","format-standard","has-post-thumbnail","hentry","category-meio-ambiente","category-noticias","tag-residuos-solidos"],"yoast_head":"<!-- This site is optimized with the Yoast SEO plugin v24.6 - https:\/\/yoast.com\/wordpress\/plugins\/seo\/ -->\n<title>Cadastro de Geradores de Res\u00edduos S\u00f3lidos - GNR Ambiental<\/title>\n<meta name=\"description\" content=\"Se voc\u00ea est\u00e1 pronto para manter sua empresa segura e precisa de uma equipe de profissionais qualificados leia este artigo.\" \/>\n<meta name=\"robots\" content=\"index, follow, max-snippet:-1, max-image-preview:large, max-video-preview:-1\" \/>\n<link rel=\"canonical\" href=\"https:\/\/gnrambiental.com.br\/noticias\/cadastro-de-geradores-de-residuo-solidos\/\" \/>\n<meta property=\"og:locale\" content=\"pt_BR\" \/>\n<meta property=\"og:type\" content=\"article\" \/>\n<meta property=\"og:title\" content=\"Cadastro de Geradores de Res\u00edduos S\u00f3lidos - GNR Ambiental\" \/>\n<meta property=\"og:description\" content=\"Se voc\u00ea est\u00e1 pronto para manter sua empresa segura e precisa de uma equipe de profissionais qualificados leia este artigo.\" \/>\n<meta property=\"og:url\" content=\"https:\/\/gnrambiental.com.br\/noticias\/cadastro-de-geradores-de-residuo-solidos\/\" \/>\n<meta property=\"og:site_name\" content=\"GNR Ambiental\" \/>\n<meta property=\"article:published_time\" content=\"2021-10-04T15:53:15+00:00\" \/>\n<meta property=\"article:modified_time\" content=\"2021-11-12T20:20:23+00:00\" \/>\n<meta property=\"og:image\" content=\"https:\/\/gnrambiental.com.br\/noticias\/wp-content\/uploads\/2021\/09\/Plano-de-Gerenciamento-de-Residuos1.png\" \/>\n\t<meta property=\"og:image:width\" content=\"567\" \/>\n\t<meta property=\"og:image:height\" content=\"319\" \/>\n\t<meta property=\"og:image:type\" content=\"image\/png\" \/>\n<meta name=\"author\" content=\"blog_gnr\" \/>\n<meta name=\"twitter:card\" content=\"summary_large_image\" \/>\n<meta name=\"twitter:label1\" content=\"Escrito por\" \/>\n\t<meta name=\"twitter:data1\" content=\"blog_gnr\" \/>\n\t<meta name=\"twitter:label2\" content=\"Est. tempo de leitura\" \/>\n\t<meta name=\"twitter:data2\" content=\"1 minuto\" \/>\n<script type=\"application\/ld+json\" class=\"yoast-schema-graph\">{\"@context\":\"https:\/\/schema.org\",\"@graph\":[{\"@type\":\"WebPage\",\"@id\":\"https:\/\/gnrambiental.com.br\/noticias\/cadastro-de-geradores-de-residuo-solidos\/\",\"url\":\"https:\/\/gnrambiental.com.br\/noticias\/cadastro-de-geradores-de-residuo-solidos\/\",\"name\":\"Cadastro de Geradores de Res\u00edduos S\u00f3lidos - GNR Ambiental\",\"isPartOf\":{\"@id\":\"https:\/\/gnrambiental.com.br\/noticias\/#website\"},\"primaryImageOfPage\":{\"@id\":\"https:\/\/gnrambiental.com.br\/noticias\/cadastro-de-geradores-de-residuo-solidos\/#primaryimage\"},\"image\":{\"@id\":\"https:\/\/gnrambiental.com.br\/noticias\/cadastro-de-geradores-de-residuo-solidos\/#primaryimage\"},\"thumbnailUrl\":\"https:\/\/gnrambiental.com.br\/noticias\/wp-content\/uploads\/2021\/09\/Plano-de-Gerenciamento-de-Residuos1.png\",\"datePublished\":\"2021-10-04T15:53:15+00:00\",\"dateModified\":\"2021-11-12T20:20:23+00:00\",\"author\":{\"@id\":\"https:\/\/gnrambiental.com.br\/noticias\/#\/schema\/person\/665c9a349aa30972fa8d07edc2ee38af\"},\"description\":\"Se voc\u00ea est\u00e1 pronto para manter sua empresa segura e precisa de uma equipe de profissionais qualificados leia este artigo.\",\"breadcrumb\":{\"@id\":\"https:\/\/gnrambiental.com.br\/noticias\/cadastro-de-geradores-de-residuo-solidos\/#breadcrumb\"},\"inLanguage\":\"pt-BR\",\"potentialAction\":[{\"@type\":\"ReadAction\",\"target\":[\"https:\/\/gnrambiental.com.br\/noticias\/cadastro-de-geradores-de-residuo-solidos\/\"]}]},{\"@type\":\"ImageObject\",\"inLanguage\":\"pt-BR\",\"@id\":\"https:\/\/gnrambiental.com.br\/noticias\/cadastro-de-geradores-de-residuo-solidos\/#primaryimage\",\"url\":\"https:\/\/gnrambiental.com.br\/noticias\/wp-content\/uploads\/2021\/09\/Plano-de-Gerenciamento-de-Residuos1.png\",\"contentUrl\":\"https:\/\/gnrambiental.com.br\/noticias\/wp-content\/uploads\/2021\/09\/Plano-de-Gerenciamento-de-Residuos1.png\",\"width\":567,\"height\":319},{\"@type\":\"BreadcrumbList\",\"@id\":\"https:\/\/gnrambiental.com.br\/noticias\/cadastro-de-geradores-de-residuo-solidos\/#breadcrumb\",\"itemListElement\":[{\"@type\":\"ListItem\",\"position\":1,\"name\":\"In\u00edcio\",\"item\":\"https:\/\/gnrambiental.com.br\/noticias\/\"},{\"@type\":\"ListItem\",\"position\":2,\"name\":\"Cadastro de Geradores de Res\u00edduos S\u00f3lidos\"}]},{\"@type\":\"WebSite\",\"@id\":\"https:\/\/gnrambiental.com.br\/noticias\/#website\",\"url\":\"https:\/\/gnrambiental.com.br\/noticias\/\",\"name\":\"GNR Ambiental\",\"description\":\"\",\"potentialAction\":[{\"@type\":\"SearchAction\",\"target\":{\"@type\":\"EntryPoint\",\"urlTemplate\":\"https:\/\/gnrambiental.com.br\/noticias\/?s={search_term_string}\"},\"query-input\":{\"@type\":\"PropertyValueSpecification\",\"valueRequired\":true,\"valueName\":\"search_term_string\"}}],\"inLanguage\":\"pt-BR\"},{\"@type\":\"Person\",\"@id\":\"https:\/\/gnrambiental.com.br\/noticias\/#\/schema\/person\/665c9a349aa30972fa8d07edc2ee38af\",\"name\":\"blog_gnr\",\"image\":{\"@type\":\"ImageObject\",\"inLanguage\":\"pt-BR\",\"@id\":\"https:\/\/gnrambiental.com.br\/noticias\/#\/schema\/person\/image\/\",\"url\":\"https:\/\/secure.gravatar.com\/avatar\/e4c10858129539ef55035c1f4f80f9c3?s=96&d=mm&r=g\",\"contentUrl\":\"https:\/\/secure.gravatar.com\/avatar\/e4c10858129539ef55035c1f4f80f9c3?s=96&d=mm&r=g\",\"caption\":\"blog_gnr\"}}]}<\/script>\n<!-- \/ Yoast SEO plugin. -->","yoast_head_json":{"title":"Cadastro de Geradores de Res\u00edduos S\u00f3lidos - GNR Ambiental","description":"Se voc\u00ea est\u00e1 pronto para manter sua empresa segura e precisa de uma equipe de profissionais qualificados leia este artigo.","robots":{"index":"index","follow":"follow","max-snippet":"max-snippet:-1","max-image-preview":"max-image-preview:large","max-video-preview":"max-video-preview:-1"},"canonical":"https:\/\/gnrambiental.com.br\/noticias\/cadastro-de-geradores-de-residuo-solidos\/","og_locale":"pt_BR","og_type":"article","og_title":"Cadastro de Geradores de Res\u00edduos S\u00f3lidos - GNR Ambiental","og_description":"Se voc\u00ea est\u00e1 pronto para manter sua empresa segura e precisa de uma equipe de profissionais qualificados leia este artigo.","og_url":"https:\/\/gnrambiental.com.br\/noticias\/cadastro-de-geradores-de-residuo-solidos\/","og_site_name":"GNR Ambiental","article_published_time":"2021-10-04T15:53:15+00:00","article_modified_time":"2021-11-12T20:20:23+00:00","og_image":[{"width":567,"height":319,"url":"https:\/\/gnrambiental.com.br\/noticias\/wp-content\/uploads\/2021\/09\/Plano-de-Gerenciamento-de-Residuos1.png","type":"image\/png"}],"author":"blog_gnr","twitter_card":"summary_large_image","twitter_misc":{"Escrito por":"blog_gnr","Est. tempo de leitura":"1 minuto"},"schema":{"@context":"https:\/\/schema.org","@graph":[{"@type":"WebPage","@id":"https:\/\/gnrambiental.com.br\/noticias\/cadastro-de-geradores-de-residuo-solidos\/","url":"https:\/\/gnrambiental.com.br\/noticias\/cadastro-de-geradores-de-residuo-solidos\/","name":"Cadastro de Geradores de Res\u00edduos S\u00f3lidos - GNR Ambiental","isPartOf":{"@id":"https:\/\/gnrambiental.com.br\/noticias\/#website"},"primaryImageOfPage":{"@id":"https:\/\/gnrambiental.com.br\/noticias\/cadastro-de-geradores-de-residuo-solidos\/#primaryimage"},"image":{"@id":"https:\/\/gnrambiental.com.br\/noticias\/cadastro-de-geradores-de-residuo-solidos\/#primaryimage"},"thumbnailUrl":"https:\/\/gnrambiental.com.br\/noticias\/wp-content\/uploads\/2021\/09\/Plano-de-Gerenciamento-de-Residuos1.png","datePublished":"2021-10-04T15:53:15+00:00","dateModified":"2021-11-12T20:20:23+00:00","author":{"@id":"https:\/\/gnrambiental.com.br\/noticias\/#\/schema\/person\/665c9a349aa30972fa8d07edc2ee38af"},"description":"Se voc\u00ea est\u00e1 pronto para manter sua empresa segura e precisa de uma equipe de profissionais qualificados leia este artigo.","breadcrumb":{"@id":"https:\/\/gnrambiental.com.br\/noticias\/cadastro-de-geradores-de-residuo-solidos\/#breadcrumb"},"inLanguage":"pt-BR","potentialAction":[{"@type":"ReadAction","target":["https:\/\/gnrambiental.com.br\/noticias\/cadastro-de-geradores-de-residuo-solidos\/"]}]},{"@type":"ImageObject","inLanguage":"pt-BR","@id":"https:\/\/gnrambiental.com.br\/noticias\/cadastro-de-geradores-de-residuo-solidos\/#primaryimage","url":"https:\/\/gnrambiental.com.br\/noticias\/wp-content\/uploads\/2021\/09\/Plano-de-Gerenciamento-de-Residuos1.png","contentUrl":"https:\/\/gnrambiental.com.br\/noticias\/wp-content\/uploads\/2021\/09\/Plano-de-Gerenciamento-de-Residuos1.png","width":567,"height":319},{"@type":"BreadcrumbList","@id":"https:\/\/gnrambiental.com.br\/noticias\/cadastro-de-geradores-de-residuo-solidos\/#breadcrumb","itemListElement":[{"@type":"ListItem","position":1,"name":"In\u00edcio","item":"https:\/\/gnrambiental.com.br\/noticias\/"},{"@type":"ListItem","position":2,"name":"Cadastro de Geradores de Res\u00edduos S\u00f3lidos"}]},{"@type":"WebSite","@id":"https:\/\/gnrambiental.com.br\/noticias\/#website","url":"https:\/\/gnrambiental.com.br\/noticias\/","name":"GNR Ambiental","description":"","potentialAction":[{"@type":"SearchAction","target":{"@type":"EntryPoint","urlTemplate":"https:\/\/gnrambiental.com.br\/noticias\/?s={search_term_string}"},"query-input":{"@type":"PropertyValueSpecification","valueRequired":true,"valueName":"search_term_string"}}],"inLanguage":"pt-BR"},{"@type":"Person","@id":"https:\/\/gnrambiental.com.br\/noticias\/#\/schema\/person\/665c9a349aa30972fa8d07edc2ee38af","name":"blog_gnr","image":{"@type":"ImageObject","inLanguage":"pt-BR","@id":"https:\/\/gnrambiental.com.br\/noticias\/#\/schema\/person\/image\/","url":"https:\/\/secure.gravatar.com\/avatar\/e4c10858129539ef55035c1f4f80f9c3?s=96&d=mm&r=g","contentUrl":"https:\/\/secure.gravatar.com\/avatar\/e4c10858129539ef55035c1f4f80f9c3?s=96&d=mm&r=g","caption":"blog_gnr"}}]}},"_links":{"self":[{"href":"https:\/\/gnrambiental.com.br\/noticias\/wp-json\/wp\/v2\/posts\/558"}],"collection":[{"href":"https:\/\/gnrambiental.com.br\/noticias\/wp-json\/wp\/v2\/posts"}],"about":[{"href":"https:\/\/gnrambiental.com.br\/noticias\/wp-json\/wp\/v2\/types\/post"}],"author":[{"embeddable":true,"href":"https:\/\/gnrambiental.com.br\/noticias\/wp-json\/wp\/v2\/users\/1"}],"replies":[{"embeddable":true,"href":"https:\/\/gnrambiental.com.br\/noticias\/wp-json\/wp\/v2\/comments?post=558"}],"version-history":[{"count":2,"href":"https:\/\/gnrambiental.com.br\/noticias\/wp-json\/wp\/v2\/posts\/558\/revisions"}],"predecessor-version":[{"id":561,"href":"https:\/\/gnrambiental.com.br\/noticias\/wp-json\/wp\/v2\/posts\/558\/revisions\/561"}],"wp:featuredmedia":[{"embeddable":true,"href":"https:\/\/gnrambiental.com.br\/noticias\/wp-json\/wp\/v2\/media\/559"}],"wp:attachment":[{"href":"https:\/\/gnrambiental.com.br\/noticias\/wp-json\/wp\/v2\/media?parent=558"}],"wp:term":[{"taxonomy":"category","embeddable":true,"href":"https:\/\/gnrambiental.com.br\/noticias\/wp-json\/wp\/v2\/categories?post=558"},{"taxonomy":"post_tag","embeddable":true,"href":"https:\/\/gnrambiental.com.br\/noticias\/wp-json\/wp\/v2\/tags?post=558"}],"curies":[{"name":"wp","href":"https:\/\/api.w.org\/{rel}","templated":true}]}}